{"id":975,"date":"2020-05-14T18:13:48","date_gmt":"2020-05-14T18:13:48","guid":{"rendered":"http:\/\/hermann.arnhold.eu\/?p=975"},"modified":"2020-05-14T18:13:48","modified_gmt":"2020-05-14T18:13:48","slug":"der-rabenvater","status":"publish","type":"post","link":"https:\/\/arnhold.eu\/?p=975","title":{"rendered":"Der Rabenvater"},"content":{"rendered":"\n<p>Warum ist sein Gesicht zerknittert,<br>die bleiche Stirn so tief zerfurcht,<br>sein ganzes \u00c4u\u00dferes verwittert-<br>wie von den Winden, durch und durch.<br>Noch tr\u00fcber als das tr\u00fcbste Wetter<br>ist aber seine Innenwelt:<br>Der Sturm rei\u00dft ab die letzten Bl\u00e4tter<br>des fr\u00fchen Herbstes &#8211; welk und gelb.<br>Verzweifelte Gedanken qu\u00e4len<br>sein viel zu fr\u00fch ergrautes Haupt:<br>Es liegt ihm schwer auf seiner Seele,<br>da\u00df er sich selber einst beraubt,<br>als Frau und Kinder er verlassen,<br>um sorglos durch die Welt zu gehn,<br>um Wunderblumen zu erhaschen<br>und Freude im Vor\u00fcbergehn.<br>Jetzt f\u00fchlt er rings sich \u00fcberfl\u00fcssig,<br>vergessen und &#8211; wie nie &#8211; allein.<br>Des Wanderlebens \u00fcberdr\u00fcssig,<br>beg\u00e4be er sich gern nun heim:<br>Ob denn die Seinigen verst\u00fcnden,<br>da\u00df nunmehr alles er bereut?<br>Ob sie verg\u00e4\u00dfen &#8211; Frau und Kinder &#8211;<br>das ihnen zugef\u00fcgte Leid?..<br>Vielleicht&#8230;<br>Vielleicht auch all die Tr\u00e4nen,<br>die deine Frau so oft geweint?<br>Und auch die Tr\u00e4ume deiner S\u00f6hne,<br>die von dem Vater sie getr\u00e4umt?<br>Den gro\u00dfen Kummer deiner Tochter,<br>der heute noch ihr Herz bedr\u00fcckt?<br>Die Str\u00e4u\u00dfe, die sie dir geflochten<br>als Kind, solange sie noch hoffte,<br>ihr Vater k\u00e4me bald zur\u00fcck?..<\/p>\n\n\n\n<p>1984<\/p>\n","protected":false},"excerpt":{"rendered":"<p>Warum ist sein Gesicht zerknittert,die bleiche Stirn so tief zerfurcht,sein ganzes \u00c4u\u00dferes verwittert-wie von den Winden, durch und durch.Noch tr\u00fcber als das tr\u00fcbste Wetterist aber seine Innenwelt:Der Sturm rei\u00dft ab die letzten Bl\u00e4tterdes fr\u00fchen Herbstes &#8211; welk und gelb.Verzweifelte Gedanken qu\u00e4lensein viel zu fr\u00fch ergrautes Haupt:Es liegt ihm schwer auf seiner Seele,da\u00df er sich selber &hellip; <\/p>\n<p class=\"link-more\"><a href=\"https:\/\/arnhold.eu\/?p=975\" class=\"more-link\"><span class=\"screen-reader-text\">\u201eDer Rabenvater\u201c <\/span>weiterlesen<\/a><\/p>\n","protected":false},"author":2,"featured_media":0,"comment_status":"closed","ping_status":"closed","sticky":false,"template":"","format":"standard","meta":{"footnotes":""},"categories":[1],"tags":[],"class_list":["post-975","post","type-post","status-publish","format-standard","hentry","category-uncategorized"],"_links":{"self":[{"href":"https:\/\/arnhold.eu\/index.php?rest_route=\/wp\/v2\/posts\/975","targetHints":{"allow":["GET"]}}],"collection":[{"href":"https:\/\/arnhold.eu\/index.php?rest_route=\/wp\/v2\/posts"}],"about":[{"href":"https:\/\/arnhold.eu\/index.php?rest_route=\/wp\/v2\/types\/post"}],"author":[{"embeddable":true,"href":"https:\/\/arnhold.eu\/index.php?rest_route=\/wp\/v2\/users\/2"}],"replies":[{"embeddable":true,"href":"https:\/\/arnhold.eu\/index.php?rest_route=%2Fwp%2Fv2%2Fcomments&post=975"}],"version-history":[{"count":1,"href":"https:\/\/arnhold.eu\/index.php?rest_route=\/wp\/v2\/posts\/975\/revisions"}],"predecessor-version":[{"id":976,"href":"https:\/\/arnhold.eu\/index.php?rest_route=\/wp\/v2\/posts\/975\/revisions\/976"}],"wp:attachment":[{"href":"https:\/\/arnhold.eu\/index.php?rest_route=%2Fwp%2Fv2%2Fmedia&parent=975"}],"wp:term":[{"taxonomy":"category","embeddable":true,"href":"https:\/\/arnhold.eu\/index.php?rest_route=%2Fwp%2Fv2%2Fcategories&post=975"},{"taxonomy":"post_tag","embeddable":true,"href":"https:\/\/arnhold.eu\/index.php?rest_route=%2Fwp%2Fv2%2Ftags&post=975"}],"curies":[{"name":"wp","href":"https:\/\/api.w.org\/{rel}","templated":true}]}}