{"id":927,"date":"2020-05-14T14:56:29","date_gmt":"2020-05-14T14:56:29","guid":{"rendered":"http:\/\/hermann.arnhold.eu\/?p=927"},"modified":"2020-05-14T14:56:29","modified_gmt":"2020-05-14T14:56:29","slug":"mein-enkel-fragt","status":"publish","type":"post","link":"https:\/\/arnhold.eu\/?p=927","title":{"rendered":"Mein Enkel fragt&#8230;"},"content":{"rendered":"\n<p>Mein Enkel fragt<br>(er meint es gut!):<br>&#8222;Du bist schon alt?<br>Sind dir die F\u00fc\u00dfe<br>denn nicht kalt?<br>Ich hol dir gleich<br>die warmen Socken!&#8220;<br>Er kommt und sagt:<br>&#8222;Und auch dein Haar<br>ist winterwei\u00df<br>wie Schnee und Eis.<br>Ich hol dir deinen<br>Federhut &#8211;<br>den mit den feinen<br>schwarzen Locken!..&#8220;<\/p>\n\n\n\n<p>Es eilt die Zeit,<br>wird oft geklagt<br>mit Bitterkeit,<br>wird oft gesagt<br>auch hocherfreut,<br>mit Dankbarkeit&#8230;<br>Es eilt die Zeit,<br>es zigmal hei\u00dft.<br>Vielleicht auch nicht?<br>Das Sonnenlicht<br>ja der Behauptung<br>widerspricht!<br>Vielleicht sind&#8217;s wir<br>auf Erden hier,<br>die ewig eilen?!.<br>Des Alltags Hast,<br>die Sorgenlast,<br>die Ungeduld,<br>die Dankesschuld,<br>der Widerstreit,<br>und Freud und Leid,<br>das Mitgef\u00fchl,<br>das Lebensziel,<br>Gebot und Pflicht<br>und Zuversicht<br>voran, voran<br>und ewig treiben<br>und auch den Gram<br>der schwersten Stunden,<br>und auch den Schmerz<br>der tiefsten Wunden<br>und alle Leiden<br>trotz alledem<br>allm\u00e4hlich heilen.<br>Drum la\u00dft die Zeit<br>und ihren k\u00fchnen<br>Sch\u00f6pfergeist<br>zum Wohl der Menschen<br>rastlos weitereilen!<\/p>\n\n\n\n<p>1985<\/p>\n","protected":false},"excerpt":{"rendered":"<p>Mein Enkel fragt(er meint es gut!):&#8222;Du bist schon alt?Sind dir die F\u00fc\u00dfedenn nicht kalt?Ich hol dir gleichdie warmen Socken!&#8220;Er kommt und sagt:&#8222;Und auch dein Haarist winterwei\u00dfwie Schnee und Eis.Ich hol dir deinenFederhut &#8211;den mit den feinenschwarzen Locken!..&#8220; Es eilt die Zeit,wird oft geklagtmit Bitterkeit,wird oft gesagtauch hocherfreut,mit Dankbarkeit&#8230;Es eilt die Zeit,es zigmal hei\u00dft.Vielleicht auch nicht?Das &hellip; <\/p>\n<p class=\"link-more\"><a href=\"https:\/\/arnhold.eu\/?p=927\" class=\"more-link\"><span class=\"screen-reader-text\">\u201eMein Enkel fragt&#8230;\u201c <\/span>weiterlesen<\/a><\/p>\n","protected":false},"author":2,"featured_media":0,"comment_status":"closed","ping_status":"closed","sticky":false,"template":"","format":"standard","meta":{"footnotes":""},"categories":[1],"tags":[],"class_list":["post-927","post","type-post","status-publish","format-standard","hentry","category-uncategorized"],"_links":{"self":[{"href":"https:\/\/arnhold.eu\/index.php?rest_route=\/wp\/v2\/posts\/927","targetHints":{"allow":["GET"]}}],"collection":[{"href":"https:\/\/arnhold.eu\/index.php?rest_route=\/wp\/v2\/posts"}],"about":[{"href":"https:\/\/arnhold.eu\/index.php?rest_route=\/wp\/v2\/types\/post"}],"author":[{"embeddable":true,"href":"https:\/\/arnhold.eu\/index.php?rest_route=\/wp\/v2\/users\/2"}],"replies":[{"embeddable":true,"href":"https:\/\/arnhold.eu\/index.php?rest_route=%2Fwp%2Fv2%2Fcomments&post=927"}],"version-history":[{"count":1,"href":"https:\/\/arnhold.eu\/index.php?rest_route=\/wp\/v2\/posts\/927\/revisions"}],"predecessor-version":[{"id":928,"href":"https:\/\/arnhold.eu\/index.php?rest_route=\/wp\/v2\/posts\/927\/revisions\/928"}],"wp:attachment":[{"href":"https:\/\/arnhold.eu\/index.php?rest_route=%2Fwp%2Fv2%2Fmedia&parent=927"}],"wp:term":[{"taxonomy":"category","embeddable":true,"href":"https:\/\/arnhold.eu\/index.php?rest_route=%2Fwp%2Fv2%2Fcategories&post=927"},{"taxonomy":"post_tag","embeddable":true,"href":"https:\/\/arnhold.eu\/index.php?rest_route=%2Fwp%2Fv2%2Ftags&post=927"}],"curies":[{"name":"wp","href":"https:\/\/api.w.org\/{rel}","templated":true}]}}