{"id":921,"date":"2020-05-14T14:47:57","date_gmt":"2020-05-14T14:47:57","guid":{"rendered":"http:\/\/hermann.arnhold.eu\/?p=921"},"modified":"2020-05-14T14:47:57","modified_gmt":"2020-05-14T14:47:57","slug":"gruenen-soll-die-steppe","status":"publish","type":"post","link":"https:\/\/arnhold.eu\/?p=921","title":{"rendered":"Gr\u00fcnen soll die Steppe"},"content":{"rendered":"\n<p>Friedlich in der Nacht geschlummert,<br>schl\u00e4gt in aller Fr\u00fch der Himmel<br>die besternten Lider auf.<br>Und die himmelblauen Augen &#8211;<br>lebensfroh und voll Erwartung &#8211;<br>auf die Steppe, wo der Fr\u00fchling<br>seinen gr\u00fcnen Teppich webt.<br>Und die ersten Morgenstrahlen &#8211;<br>rein und gelblichrot wie Gold &#8211;<br>sich auf ihrem Weg verschmelzen<br>mit dem blauen Blick des Himmels.<br>Lilar\u00f6tlich-zart umf\u00e4cheln<br>sie das Gr\u00fcn des Steppenlands:<br>Lebensfreude, neues Sein<br>s\u00e4t der Morgensonnenschein..<br>Sollen wohl US-amerikanisch<br>ausgebr\u00fctete Vernichtungswaffen &#8211;<br>Laserstrahl und Napalm, Gas und Gift &#8211;<br>diese Flur in Schutt und Asche legen?<br>Sollen wohl Neutronenbomben<br>niederrasseln auf die Steppe<br>und die farbenfrohe, reiche Welt &#8211;<br>alles Lebende &#8211; in Dampf verwandeln?<br>Nein, die Steppe und die Felder<br>und die Menschen, die hier wirken,<br>wollen &#8211; h\u00f6rt ihr &#8211; keinen Krieg!<br>Nur der Frieden ist Garant,<br>da\u00df der Himmel immer blaut,<br>da\u00df f\u00fcr sie die Sonne strahlt,<br>da\u00df f\u00fcr alle Erdenkinder<br>auf den Feldern reift die Saat.<\/p>\n\n\n\n<p>&nbsp;&nbsp;&nbsp;&nbsp;&nbsp;&nbsp;&nbsp;&nbsp;&nbsp;&nbsp;&nbsp;&nbsp;&nbsp;&nbsp;&nbsp;&nbsp;&nbsp;&nbsp;&nbsp;&nbsp;&nbsp;&nbsp;&nbsp;&nbsp;&nbsp;&nbsp;&nbsp;&nbsp;&nbsp;&nbsp;&nbsp;&nbsp;&nbsp; 1983<\/p>\n","protected":false},"excerpt":{"rendered":"<p>Friedlich in der Nacht geschlummert,schl\u00e4gt in aller Fr\u00fch der Himmeldie besternten Lider auf.Und die himmelblauen Augen &#8211;lebensfroh und voll Erwartung &#8211;auf die Steppe, wo der Fr\u00fchlingseinen gr\u00fcnen Teppich webt.Und die ersten Morgenstrahlen &#8211;rein und gelblichrot wie Gold &#8211;sich auf ihrem Weg verschmelzenmit dem blauen Blick des Himmels.Lilar\u00f6tlich-zart umf\u00e4chelnsie das Gr\u00fcn des Steppenlands:Lebensfreude, neues Seins\u00e4t der &hellip; <\/p>\n<p class=\"link-more\"><a href=\"https:\/\/arnhold.eu\/?p=921\" class=\"more-link\"><span class=\"screen-reader-text\">\u201eGr\u00fcnen soll die Steppe\u201c <\/span>weiterlesen<\/a><\/p>\n","protected":false},"author":2,"featured_media":0,"comment_status":"closed","ping_status":"closed","sticky":false,"template":"","format":"standard","meta":{"footnotes":""},"categories":[1],"tags":[],"class_list":["post-921","post","type-post","status-publish","format-standard","hentry","category-uncategorized"],"_links":{"self":[{"href":"https:\/\/arnhold.eu\/index.php?rest_route=\/wp\/v2\/posts\/921","targetHints":{"allow":["GET"]}}],"collection":[{"href":"https:\/\/arnhold.eu\/index.php?rest_route=\/wp\/v2\/posts"}],"about":[{"href":"https:\/\/arnhold.eu\/index.php?rest_route=\/wp\/v2\/types\/post"}],"author":[{"embeddable":true,"href":"https:\/\/arnhold.eu\/index.php?rest_route=\/wp\/v2\/users\/2"}],"replies":[{"embeddable":true,"href":"https:\/\/arnhold.eu\/index.php?rest_route=%2Fwp%2Fv2%2Fcomments&post=921"}],"version-history":[{"count":1,"href":"https:\/\/arnhold.eu\/index.php?rest_route=\/wp\/v2\/posts\/921\/revisions"}],"predecessor-version":[{"id":922,"href":"https:\/\/arnhold.eu\/index.php?rest_route=\/wp\/v2\/posts\/921\/revisions\/922"}],"wp:attachment":[{"href":"https:\/\/arnhold.eu\/index.php?rest_route=%2Fwp%2Fv2%2Fmedia&parent=921"}],"wp:term":[{"taxonomy":"category","embeddable":true,"href":"https:\/\/arnhold.eu\/index.php?rest_route=%2Fwp%2Fv2%2Fcategories&post=921"},{"taxonomy":"post_tag","embeddable":true,"href":"https:\/\/arnhold.eu\/index.php?rest_route=%2Fwp%2Fv2%2Ftags&post=921"}],"curies":[{"name":"wp","href":"https:\/\/api.w.org\/{rel}","templated":true}]}}