{"id":911,"date":"2020-05-14T14:29:20","date_gmt":"2020-05-14T14:29:20","guid":{"rendered":"http:\/\/hermann.arnhold.eu\/?p=911"},"modified":"2020-05-14T14:29:20","modified_gmt":"2020-05-14T14:29:20","slug":"wetterlage","status":"publish","type":"post","link":"https:\/\/arnhold.eu\/?p=911","title":{"rendered":"Wetterlage"},"content":{"rendered":"\n<p>M\u00fcde geht der Tag zur R\u00fcste,<br>froh, da\u00df er sein Werk vollbracht;<br>abendrot vergl\u00fchend, k\u00fc\u00dft er<br>liebevoll die junge Nacht..,<\/p>\n\n\n\n<p>Ach, man m\u00f6chte gern verschweigen,<br>da\u00df der Tag sich abgem\u00fcht,<br>denn die Jahre gehn zur Neige<br>schneller, als ein Tag vergl\u00fcht.<\/p>\n\n\n\n<p>Gestern noch war sch\u00f6nes Wetter &#8211;<br>hoffnungsvoller Sonnenschein.<br>Heute treibt der Wind die Bl\u00e4tter,<br>und es regnet dicht und fein.<\/p>\n\n\n\n<p>Was verspricht die Wetterlage,<br>wenn man sechzig Jahre alt<br>und die sonnenhellen Tage<br>k\u00fcrzer werden allzubald?<\/p>\n\n\n\n<p>Und wie wird das Wetter weiter?<br>Wolkig, regnerisch und kalt?<br>Oder wird es wieder heiter,<br>wenn des Windes Groll verhallt?<\/p>\n\n\n\n<p>Wenn Gewitter sich entladen<br>und die Sonn&#8216; hervorgeschl\u00fcpft,<br>wird der Ariadnefaden<br>heimlich wieder angekn\u00fcpft.<\/p>\n\n\n\n<p>Wenn die Hochs und Tiefs im Leben,<br>die da kommen und vergehn,<br>Halt und Hoffnung dir gegeben,<br>bleibt das Wetter herbstlich sch\u00f6n!\u00a0\u00a0\u00a0\u00a0\u00a0\u00a0\u00a0\u00a0\u00a0\u00a0\u00a0\u00a0\u00a0\u00a0\u00a0\u00a0\u00a0\u00a0\u00a0\u00a0\u00a0\u00a0\u00a0\u00a0\u00a0\u00a0 \u00a0<\/p>\n\n\n\n<p>1981<\/p>\n","protected":false},"excerpt":{"rendered":"<p>M\u00fcde geht der Tag zur R\u00fcste,froh, da\u00df er sein Werk vollbracht;abendrot vergl\u00fchend, k\u00fc\u00dft erliebevoll die junge Nacht.., Ach, man m\u00f6chte gern verschweigen,da\u00df der Tag sich abgem\u00fcht,denn die Jahre gehn zur Neigeschneller, als ein Tag vergl\u00fcht. Gestern noch war sch\u00f6nes Wetter &#8211;hoffnungsvoller Sonnenschein.Heute treibt der Wind die Bl\u00e4tter,und es regnet dicht und fein. Was verspricht die &hellip; <\/p>\n<p class=\"link-more\"><a href=\"https:\/\/arnhold.eu\/?p=911\" class=\"more-link\"><span class=\"screen-reader-text\">\u201eWetterlage\u201c <\/span>weiterlesen<\/a><\/p>\n","protected":false},"author":2,"featured_media":0,"comment_status":"closed","ping_status":"closed","sticky":false,"template":"","format":"standard","meta":{"footnotes":""},"categories":[1],"tags":[],"class_list":["post-911","post","type-post","status-publish","format-standard","hentry","category-uncategorized"],"_links":{"self":[{"href":"https:\/\/arnhold.eu\/index.php?rest_route=\/wp\/v2\/posts\/911","targetHints":{"allow":["GET"]}}],"collection":[{"href":"https:\/\/arnhold.eu\/index.php?rest_route=\/wp\/v2\/posts"}],"about":[{"href":"https:\/\/arnhold.eu\/index.php?rest_route=\/wp\/v2\/types\/post"}],"author":[{"embeddable":true,"href":"https:\/\/arnhold.eu\/index.php?rest_route=\/wp\/v2\/users\/2"}],"replies":[{"embeddable":true,"href":"https:\/\/arnhold.eu\/index.php?rest_route=%2Fwp%2Fv2%2Fcomments&post=911"}],"version-history":[{"count":1,"href":"https:\/\/arnhold.eu\/index.php?rest_route=\/wp\/v2\/posts\/911\/revisions"}],"predecessor-version":[{"id":912,"href":"https:\/\/arnhold.eu\/index.php?rest_route=\/wp\/v2\/posts\/911\/revisions\/912"}],"wp:attachment":[{"href":"https:\/\/arnhold.eu\/index.php?rest_route=%2Fwp%2Fv2%2Fmedia&parent=911"}],"wp:term":[{"taxonomy":"category","embeddable":true,"href":"https:\/\/arnhold.eu\/index.php?rest_route=%2Fwp%2Fv2%2Fcategories&post=911"},{"taxonomy":"post_tag","embeddable":true,"href":"https:\/\/arnhold.eu\/index.php?rest_route=%2Fwp%2Fv2%2Ftags&post=911"}],"curies":[{"name":"wp","href":"https:\/\/api.w.org\/{rel}","templated":true}]}}