{"id":905,"date":"2020-05-14T14:15:33","date_gmt":"2020-05-14T14:15:33","guid":{"rendered":"http:\/\/hermann.arnhold.eu\/?p=905"},"modified":"2020-05-14T14:15:33","modified_gmt":"2020-05-14T14:15:33","slug":"gedanken","status":"publish","type":"post","link":"https:\/\/arnhold.eu\/?p=905","title":{"rendered":"Gedanken"},"content":{"rendered":"\n<p>Ich wei\u00df nicht, warum mich im Fr\u00fchling,<br>da alles gebettet in Gr\u00fcn,<br>auf einmal Gedanken durchw\u00fchlen,<br>die golden und herbstlich vergl\u00fchn.<\/p>\n\n\n\n<p>Das Fr\u00fchjahr hat sicher begonnen:<br>Uns gr\u00fc\u00dft schon das L\u00f6wenzahngelb.<br>Trompetengrell strahlen die Sonnen,<br>wenn Sonnblumen bl\u00fchn auf dem Feld.<\/p>\n\n\n\n<p>Und dann, im August, wir erleben<br>das \u00c4hrengold einmalig sch\u00f6n&#8230;<br>Das Gr\u00fcn und das Gelb sind gegeben,<br>um wieder von dannen zu gehn.<\/p>\n\n\n\n<p>Nat\u00fcrlich: Das menschliche Leben<br>ist bunter als Stra\u00dfenbahngelb.<br>Wie sprie\u00dfen im Fr\u00fchling die Reben!<br>Im Herbst dann ihr Laubwerk verwelkt.<\/p>\n\n\n\n<p>Die Bl\u00e4tter, die gr\u00fcnen, vergilben<br>und f\u00e4rben sich bunt wie zum Fest.<br>Die Fr\u00f6ste im Sp\u00e4therbst versilbern<br>vergn\u00fcglich das kahle Ge\u00e4st.<\/p>\n\n\n\n<p>Ein Strau\u00df gelber Tulpen erfreut mich,<br>wenn Rosen daneben auch bl\u00fchn&#8230;<br>Das Gelb der Natur &#8211; es erneut sich<br>im Fr\u00fchling als leuchtendes Gr\u00fcn.<\/p>\n\n\n\n<p>Gedanken das Herz mir umw\u00e4lzen.<br>Sie t\u00fcrmen sich auf ungewollt:<br>Wenn Gr\u00fcn und Orange sich verschmelzen,<br>entflammen das Gelb und das Gold.<\/p>\n\n\n\n<p>1981<\/p>\n","protected":false},"excerpt":{"rendered":"<p>Ich wei\u00df nicht, warum mich im Fr\u00fchling,da alles gebettet in Gr\u00fcn,auf einmal Gedanken durchw\u00fchlen,die golden und herbstlich vergl\u00fchn. Das Fr\u00fchjahr hat sicher begonnen:Uns gr\u00fc\u00dft schon das L\u00f6wenzahngelb.Trompetengrell strahlen die Sonnen,wenn Sonnblumen bl\u00fchn auf dem Feld. Und dann, im August, wir erlebendas \u00c4hrengold einmalig sch\u00f6n&#8230;Das Gr\u00fcn und das Gelb sind gegeben,um wieder von dannen zu gehn. &hellip; <\/p>\n<p class=\"link-more\"><a href=\"https:\/\/arnhold.eu\/?p=905\" class=\"more-link\"><span class=\"screen-reader-text\">\u201eGedanken\u201c <\/span>weiterlesen<\/a><\/p>\n","protected":false},"author":2,"featured_media":0,"comment_status":"closed","ping_status":"closed","sticky":false,"template":"","format":"standard","meta":{"footnotes":""},"categories":[1],"tags":[],"class_list":["post-905","post","type-post","status-publish","format-standard","hentry","category-uncategorized"],"_links":{"self":[{"href":"https:\/\/arnhold.eu\/index.php?rest_route=\/wp\/v2\/posts\/905","targetHints":{"allow":["GET"]}}],"collection":[{"href":"https:\/\/arnhold.eu\/index.php?rest_route=\/wp\/v2\/posts"}],"about":[{"href":"https:\/\/arnhold.eu\/index.php?rest_route=\/wp\/v2\/types\/post"}],"author":[{"embeddable":true,"href":"https:\/\/arnhold.eu\/index.php?rest_route=\/wp\/v2\/users\/2"}],"replies":[{"embeddable":true,"href":"https:\/\/arnhold.eu\/index.php?rest_route=%2Fwp%2Fv2%2Fcomments&post=905"}],"version-history":[{"count":1,"href":"https:\/\/arnhold.eu\/index.php?rest_route=\/wp\/v2\/posts\/905\/revisions"}],"predecessor-version":[{"id":906,"href":"https:\/\/arnhold.eu\/index.php?rest_route=\/wp\/v2\/posts\/905\/revisions\/906"}],"wp:attachment":[{"href":"https:\/\/arnhold.eu\/index.php?rest_route=%2Fwp%2Fv2%2Fmedia&parent=905"}],"wp:term":[{"taxonomy":"category","embeddable":true,"href":"https:\/\/arnhold.eu\/index.php?rest_route=%2Fwp%2Fv2%2Fcategories&post=905"},{"taxonomy":"post_tag","embeddable":true,"href":"https:\/\/arnhold.eu\/index.php?rest_route=%2Fwp%2Fv2%2Ftags&post=905"}],"curies":[{"name":"wp","href":"https:\/\/api.w.org\/{rel}","templated":true}]}}