{"id":895,"date":"2020-05-14T13:01:00","date_gmt":"2020-05-14T13:01:00","guid":{"rendered":"http:\/\/hermann.arnhold.eu\/?p=895"},"modified":"2020-05-14T13:01:00","modified_gmt":"2020-05-14T13:01:00","slug":"die-erde-soll-immerfort-bluehn","status":"publish","type":"post","link":"https:\/\/arnhold.eu\/?p=895","title":{"rendered":"Die Erde soll immerfort bl\u00fchn!"},"content":{"rendered":"\n<p>Es geht ein Jahrhundert zu Ende.<br>Ein Augenblick lange nicht weilt<br>Er hat keine Zeit, zu verschwenden<br>die Zeit. Darum eilt er und eilt.<\/p>\n\n\n\n<p>Es geht ein Jahrtausend zu Ende<br>im Kreislauf der endlosen Zeit.<br>Es packt schon die Koffer zur Wende.<br>Und bald ist es reisebereit.<\/p>\n\n\n\n<p>Wir kehren die Stra\u00dfen und Gassen<br>und schm\u00fccken das irdische Nest:<br>Wer m\u00f6chte die Zeit da verpassen &#8211;<br>es naht das Bewillkommnungsfest!<\/p>\n\n\n\n<p>Im Zeitbuch des Jahres Zweitausend<br>dann tragen am Festtag wir ein:<br>Gesegnet sei unser Zuhause,<br>wo Friede und Freude daheim!..<\/p>\n\n\n\n<p>Und Felder und G\u00e4rten und Wiesen &#8211;<br>sie werden noch \u00fcppiger bl\u00fchn.<br>Das Leben, von Sonne durchrieselt,<br>wird stolz durch mein Vaterland ziehn.<\/p>\n\n\n\n<p>Es geht ein Jahrhundert zu Ende.<br>Es war uns vertraut und verwandt.<br>Wir haben mit eigenen H\u00e4nden<br>verh\u00fctet den w\u00fctenden Brand.<\/p>\n\n\n\n<p>Es geht ein Jahrtausend zu Ende&#8230;<br>Bis jetzt die Vernunft nicht erliegt:<br>Es soll unsre Erde nicht sch\u00e4nden<br>ein allesvernichtender Krieg!<\/p>\n\n\n\n<p>&nbsp;&nbsp;&nbsp;&nbsp;&nbsp;&nbsp;&nbsp;&nbsp;&nbsp;&nbsp;&nbsp;&nbsp;&nbsp;&nbsp;&nbsp;&nbsp;&nbsp;&nbsp;&nbsp;&nbsp;&nbsp;&nbsp;&nbsp;&nbsp;&nbsp;&nbsp;&nbsp;&nbsp;&nbsp;&nbsp;&nbsp;&nbsp;&nbsp;&nbsp;&nbsp;&nbsp;&nbsp;&nbsp;&nbsp;&nbsp;&nbsp;&nbsp;&nbsp;&nbsp; 1982<\/p>\n","protected":false},"excerpt":{"rendered":"<p>Es geht ein Jahrhundert zu Ende.Ein Augenblick lange nicht weiltEr hat keine Zeit, zu verschwendendie Zeit. Darum eilt er und eilt. Es geht ein Jahrtausend zu Endeim Kreislauf der endlosen Zeit.Es packt schon die Koffer zur Wende.Und bald ist es reisebereit. Wir kehren die Stra\u00dfen und Gassenund schm\u00fccken das irdische Nest:Wer m\u00f6chte die Zeit da &hellip; <\/p>\n<p class=\"link-more\"><a href=\"https:\/\/arnhold.eu\/?p=895\" class=\"more-link\"><span class=\"screen-reader-text\">\u201eDie Erde soll immerfort bl\u00fchn!\u201c <\/span>weiterlesen<\/a><\/p>\n","protected":false},"author":2,"featured_media":0,"comment_status":"closed","ping_status":"closed","sticky":false,"template":"","format":"standard","meta":{"footnotes":""},"categories":[1],"tags":[],"class_list":["post-895","post","type-post","status-publish","format-standard","hentry","category-uncategorized"],"_links":{"self":[{"href":"https:\/\/arnhold.eu\/index.php?rest_route=\/wp\/v2\/posts\/895","targetHints":{"allow":["GET"]}}],"collection":[{"href":"https:\/\/arnhold.eu\/index.php?rest_route=\/wp\/v2\/posts"}],"about":[{"href":"https:\/\/arnhold.eu\/index.php?rest_route=\/wp\/v2\/types\/post"}],"author":[{"embeddable":true,"href":"https:\/\/arnhold.eu\/index.php?rest_route=\/wp\/v2\/users\/2"}],"replies":[{"embeddable":true,"href":"https:\/\/arnhold.eu\/index.php?rest_route=%2Fwp%2Fv2%2Fcomments&post=895"}],"version-history":[{"count":1,"href":"https:\/\/arnhold.eu\/index.php?rest_route=\/wp\/v2\/posts\/895\/revisions"}],"predecessor-version":[{"id":896,"href":"https:\/\/arnhold.eu\/index.php?rest_route=\/wp\/v2\/posts\/895\/revisions\/896"}],"wp:attachment":[{"href":"https:\/\/arnhold.eu\/index.php?rest_route=%2Fwp%2Fv2%2Fmedia&parent=895"}],"wp:term":[{"taxonomy":"category","embeddable":true,"href":"https:\/\/arnhold.eu\/index.php?rest_route=%2Fwp%2Fv2%2Fcategories&post=895"},{"taxonomy":"post_tag","embeddable":true,"href":"https:\/\/arnhold.eu\/index.php?rest_route=%2Fwp%2Fv2%2Ftags&post=895"}],"curies":[{"name":"wp","href":"https:\/\/api.w.org\/{rel}","templated":true}]}}