{"id":868,"date":"2020-05-13T17:58:30","date_gmt":"2020-05-13T17:58:30","guid":{"rendered":"http:\/\/hermann.arnhold.eu\/?p=868"},"modified":"2020-05-13T17:58:30","modified_gmt":"2020-05-13T17:58:30","slug":"modern","status":"publish","type":"post","link":"https:\/\/arnhold.eu\/?p=868","title":{"rendered":"Modern"},"content":{"rendered":"\n<p>Auf leisen Sohlen kommt die D\u00e4mmerung<br>und breitet ihre weichen Fl\u00fcgel aus:<br>Es dunkelt langsam, und der L\u00e4rm verstummt,<br>und tiefe Stille herrscht in meinem Haus&#8230;<\/p>\n\n\n\n<p>&#8222;Wie kitschig und wie abgeschmackt!..&#8220;<\/p>\n\n\n\n<p>&#8222;Tja&#8230; die Tradition, die \u00dcberlieferung,<br>was die Kultur hervorgebracht&#8230;<br>Ich wei\u00df, da\u00df dieses Bild<br>veraltet ist. Gewi\u00df!<br>Und auch das Verma\u00df und der Reim<br>sind tausend Jahre alt und abgegriffen&#8230;<br>Erst wenn man alles &#8211; Form und Sinn! &#8211;<br>ganz zeitgem\u00e4\u00df sch\u00f6n durcheinanderbringt,<br>gewinnt das Bild Gestalt&#8230;<br>Wozu den Kopf sich noch zerbrechen?<br>Wozu in Bildern denken?<br>Zum Henker mit dem Firlefanz!<br>Und das Gedicht ist schickmodern!<br>Ach nein doch, nicht von &#8222;Moder&#8220;;<br>von &#8222;Mode&#8220; stammt das Modewort.<br>Und alles klingt &#8211; was \u00fcberwichtig ist &#8211;<br>avantgardistisch (Sprich: awang-)!..<\/p>\n\n\n\n<p>Und Sinn und Form; Empfindung und Gef\u00fchl<br>und Klang mit allem Drum und Dran?..<br>Wozu? Der Leser hat sein Recht auf Ruh!<br>Und damit basta! Wenn deutsch, dann Schlu\u00df!&#8220;<\/p>\n\n\n\n<p>Und dennoch l\u00e4hmt mir die Beschuldigung<br>den Willen wie ein Hexenschu\u00df&#8230;<\/p>\n\n\n\n<p>22. Mai 1989<\/p>\n","protected":false},"excerpt":{"rendered":"<p>Auf leisen Sohlen kommt die D\u00e4mmerungund breitet ihre weichen Fl\u00fcgel aus:Es dunkelt langsam, und der L\u00e4rm verstummt,und tiefe Stille herrscht in meinem Haus&#8230; &#8222;Wie kitschig und wie abgeschmackt!..&#8220; &#8222;Tja&#8230; die Tradition, die \u00dcberlieferung,was die Kultur hervorgebracht&#8230;Ich wei\u00df, da\u00df dieses Bildveraltet ist. Gewi\u00df!Und auch das Verma\u00df und der Reimsind tausend Jahre alt und abgegriffen&#8230;Erst wenn man &hellip; <\/p>\n<p class=\"link-more\"><a href=\"https:\/\/arnhold.eu\/?p=868\" class=\"more-link\"><span class=\"screen-reader-text\">\u201eModern\u201c <\/span>weiterlesen<\/a><\/p>\n","protected":false},"author":2,"featured_media":0,"comment_status":"closed","ping_status":"closed","sticky":false,"template":"","format":"standard","meta":{"footnotes":""},"categories":[1],"tags":[],"class_list":["post-868","post","type-post","status-publish","format-standard","hentry","category-uncategorized"],"_links":{"self":[{"href":"https:\/\/arnhold.eu\/index.php?rest_route=\/wp\/v2\/posts\/868","targetHints":{"allow":["GET"]}}],"collection":[{"href":"https:\/\/arnhold.eu\/index.php?rest_route=\/wp\/v2\/posts"}],"about":[{"href":"https:\/\/arnhold.eu\/index.php?rest_route=\/wp\/v2\/types\/post"}],"author":[{"embeddable":true,"href":"https:\/\/arnhold.eu\/index.php?rest_route=\/wp\/v2\/users\/2"}],"replies":[{"embeddable":true,"href":"https:\/\/arnhold.eu\/index.php?rest_route=%2Fwp%2Fv2%2Fcomments&post=868"}],"version-history":[{"count":1,"href":"https:\/\/arnhold.eu\/index.php?rest_route=\/wp\/v2\/posts\/868\/revisions"}],"predecessor-version":[{"id":869,"href":"https:\/\/arnhold.eu\/index.php?rest_route=\/wp\/v2\/posts\/868\/revisions\/869"}],"wp:attachment":[{"href":"https:\/\/arnhold.eu\/index.php?rest_route=%2Fwp%2Fv2%2Fmedia&parent=868"}],"wp:term":[{"taxonomy":"category","embeddable":true,"href":"https:\/\/arnhold.eu\/index.php?rest_route=%2Fwp%2Fv2%2Fcategories&post=868"},{"taxonomy":"post_tag","embeddable":true,"href":"https:\/\/arnhold.eu\/index.php?rest_route=%2Fwp%2Fv2%2Ftags&post=868"}],"curies":[{"name":"wp","href":"https:\/\/api.w.org\/{rel}","templated":true}]}}