{"id":803,"date":"2020-05-12T17:27:18","date_gmt":"2020-05-12T17:27:18","guid":{"rendered":"http:\/\/hermann.arnhold.eu\/?p=803"},"modified":"2020-05-12T17:27:18","modified_gmt":"2020-05-12T17:27:18","slug":"der-winter","status":"publish","type":"post","link":"https:\/\/arnhold.eu\/?p=803","title":{"rendered":"Der Winter"},"content":{"rendered":"\n<p>Es kommt bald die Zeit, da der Winter<br>auf lange nach Norden verreist,<br>und mit auf die Reise wohl nimmt er<br>wie immer sein bl\u00e4uliches Wei\u00df.<\/p>\n\n\n\n<p>Und v\u00e4terlich l\u00e4chelt der Winter:<br>&#8222;Wie warm heut die Sonne schon scheint!..&#8220;<br>Wenn er uns auch manchmal verstimmte,<br>so hat er es gut doch gemeint.<\/p>\n\n\n\n<p>Es schenkt uns der schneereiche Winter<br>aus Liebe sein Hab und sein Gut.<br>Es freut ihn, den edelgesinnten,<br>wenn Gutes den Menschen er tut.<\/p>\n\n\n\n<p>Es dichtet der scheidende Winter<br>sein letztes verschneites Gedicht.<br>Er schreibt es mit lilaner Tinte,<br>mit flockenverschn\u00f6rkelter Schrift&#8230;<\/p>\n\n\n\n<p>Es singt uns zum Abschied der Winter<br>ein neues, viel w\u00e4rmeres Lied &#8211;<br>von Schneegl\u00f6ckchen und Hyazinthen,<br>vom Fr\u00fchling, der balde erbl\u00fcht.<\/p>\n\n\n\n<p>&nbsp;&nbsp;&nbsp;&nbsp;&nbsp;&nbsp;&nbsp;&nbsp;&nbsp;&nbsp;&nbsp;&nbsp;&nbsp;&nbsp;&nbsp;&nbsp;&nbsp;&nbsp;&nbsp;&nbsp;&nbsp;&nbsp;&nbsp;&nbsp;&nbsp;&nbsp;&nbsp;&nbsp;&nbsp;&nbsp;&nbsp;&nbsp;&nbsp; &nbsp;&nbsp;&nbsp;&nbsp;&nbsp;&nbsp;&nbsp;1984<\/p>\n","protected":false},"excerpt":{"rendered":"<p>Es kommt bald die Zeit, da der Winterauf lange nach Norden verreist,und mit auf die Reise wohl nimmt erwie immer sein bl\u00e4uliches Wei\u00df. Und v\u00e4terlich l\u00e4chelt der Winter:&#8222;Wie warm heut die Sonne schon scheint!..&#8220;Wenn er uns auch manchmal verstimmte,so hat er es gut doch gemeint. Es schenkt uns der schneereiche Winteraus Liebe sein Hab und &hellip; <\/p>\n<p class=\"link-more\"><a href=\"https:\/\/arnhold.eu\/?p=803\" class=\"more-link\"><span class=\"screen-reader-text\">\u201eDer Winter\u201c <\/span>weiterlesen<\/a><\/p>\n","protected":false},"author":2,"featured_media":0,"comment_status":"closed","ping_status":"closed","sticky":false,"template":"","format":"standard","meta":{"footnotes":""},"categories":[1],"tags":[],"class_list":["post-803","post","type-post","status-publish","format-standard","hentry","category-uncategorized"],"_links":{"self":[{"href":"https:\/\/arnhold.eu\/index.php?rest_route=\/wp\/v2\/posts\/803","targetHints":{"allow":["GET"]}}],"collection":[{"href":"https:\/\/arnhold.eu\/index.php?rest_route=\/wp\/v2\/posts"}],"about":[{"href":"https:\/\/arnhold.eu\/index.php?rest_route=\/wp\/v2\/types\/post"}],"author":[{"embeddable":true,"href":"https:\/\/arnhold.eu\/index.php?rest_route=\/wp\/v2\/users\/2"}],"replies":[{"embeddable":true,"href":"https:\/\/arnhold.eu\/index.php?rest_route=%2Fwp%2Fv2%2Fcomments&post=803"}],"version-history":[{"count":1,"href":"https:\/\/arnhold.eu\/index.php?rest_route=\/wp\/v2\/posts\/803\/revisions"}],"predecessor-version":[{"id":804,"href":"https:\/\/arnhold.eu\/index.php?rest_route=\/wp\/v2\/posts\/803\/revisions\/804"}],"wp:attachment":[{"href":"https:\/\/arnhold.eu\/index.php?rest_route=%2Fwp%2Fv2%2Fmedia&parent=803"}],"wp:term":[{"taxonomy":"category","embeddable":true,"href":"https:\/\/arnhold.eu\/index.php?rest_route=%2Fwp%2Fv2%2Fcategories&post=803"},{"taxonomy":"post_tag","embeddable":true,"href":"https:\/\/arnhold.eu\/index.php?rest_route=%2Fwp%2Fv2%2Ftags&post=803"}],"curies":[{"name":"wp","href":"https:\/\/api.w.org\/{rel}","templated":true}]}}