{"id":788,"date":"2020-05-12T15:34:26","date_gmt":"2020-05-12T15:34:26","guid":{"rendered":"http:\/\/hermann.arnhold.eu\/?p=788"},"modified":"2020-05-12T15:34:26","modified_gmt":"2020-05-12T15:34:26","slug":"willkommen","status":"publish","type":"post","link":"https:\/\/arnhold.eu\/?p=788","title":{"rendered":"Willkommen!"},"content":{"rendered":"\n<p>Guten Tag, wei\u00dfer Wintertag!<br>&nbsp;&nbsp;&nbsp;&nbsp;&nbsp;&nbsp;&nbsp;&nbsp;&nbsp; Sei herzlich gegr\u00fc\u00dft!<br>&nbsp;&nbsp;&nbsp;&nbsp;&nbsp;&nbsp;&nbsp;&nbsp;&nbsp;&nbsp;&nbsp;&nbsp;&nbsp;&nbsp;&nbsp; Wie immer du f\u00fchlst<br>unser Sehnen und Hoffen.<br>Drum schenkst du uns<br>&nbsp;&nbsp;&nbsp;&nbsp;&nbsp;&nbsp;&nbsp;&nbsp;&nbsp;&nbsp;&nbsp;&nbsp;&nbsp;&nbsp;&nbsp;&nbsp;&nbsp; w\u00e4rmenden Schnee:<br>Windchen, weh! Windchen, weh!..<br>Du wei\u00dft es ja gut,<br>&nbsp;&nbsp;&nbsp;&nbsp;&nbsp;&nbsp;&nbsp;&nbsp;&nbsp;&nbsp;&nbsp;&nbsp;&nbsp;&nbsp; wir lieben es nicht,<br>verstaubt in der Stube zu hocken.<br>Drum s\u00e4st du und s\u00e4st<br>&nbsp;&nbsp;&nbsp;&nbsp;&nbsp;&nbsp;&nbsp;&nbsp;&nbsp;&nbsp;&nbsp; deine flaumigen Flocken<br>und bedeckst alle Felder<br>&nbsp;&nbsp;&nbsp;&nbsp;&nbsp;&nbsp;&nbsp;&nbsp;&nbsp;&nbsp;&nbsp; mit samtweichen Decken.<br>Denn kalt ist im Winter das Wetter.<br>Du tust es aus Liebe<br>&nbsp;&nbsp;&nbsp;&nbsp;&nbsp;&nbsp;&nbsp;&nbsp;&nbsp; zu uns, den Erdenkindern.<br>Aus Liebe zu unserem Leben,<br>&nbsp;&nbsp;&nbsp;&nbsp;&nbsp; zu unserem Hoffen und Sehnen.<br>Zu unserer Freude.<br>Da\u00df die Menschen ja weniger leiden.<br>Denn du wei\u00dft:<br>&nbsp;&nbsp;&nbsp;&nbsp;&nbsp;&nbsp;&nbsp; Das Menschsein &#8211;<br>&nbsp;&nbsp;&nbsp;&nbsp;&nbsp;&nbsp;&nbsp;&nbsp;&nbsp;&nbsp;&nbsp; es ist ja nicht leicht.<br>Selbst der Sommer birgt manchmal<br>&nbsp;&nbsp;&nbsp;&nbsp;&nbsp;&nbsp;&nbsp;&nbsp;&nbsp;&nbsp;&nbsp;&nbsp;&nbsp;&nbsp;&nbsp;&nbsp; auch Herzensk\u00e4lte,<br>und der Herbst<br>&nbsp;&nbsp;&nbsp;&nbsp;&nbsp;&nbsp;&nbsp;&nbsp;&nbsp;&nbsp;&nbsp; spendet G\u00fcte und W\u00e4rme.<br>Auch du, wei\u00dfer Wintertag,<br>&nbsp;&nbsp;&nbsp;&nbsp;&nbsp;&nbsp;&nbsp;&nbsp;&nbsp;&nbsp;&nbsp; kennst Freude und Leid:<br>Es ist nun mal Winterzeit.<br>&nbsp;&nbsp;&nbsp;&nbsp;&nbsp;&nbsp; Und es bringen deine Br\u00fcder,<br>die kurzen Wintertage,<br>&nbsp;&nbsp;&nbsp;&nbsp;&nbsp;&nbsp;&nbsp;&nbsp;&nbsp;&nbsp;&nbsp;&nbsp;&nbsp; und deine Schwestern,<br>die langen Wintern\u00e4chte,<br>&nbsp;&nbsp;&nbsp;&nbsp;&nbsp;&nbsp;&nbsp;&nbsp;&nbsp; auch St\u00fcrme und Fr\u00f6ste&#8230;<br>Doch an Pr\u00fcfungen sind wir gew\u00f6hnt.<br>Wir wollen sie furchtlos<br>&nbsp;&nbsp;&nbsp;&nbsp;&nbsp;&nbsp;&nbsp;&nbsp;&nbsp;&nbsp;&nbsp;&nbsp;&nbsp;&nbsp;&nbsp; wie je \u00fcberstehn!..<br>Und im Fr\u00fchling wir sagen<br>&nbsp;&nbsp;&nbsp;&nbsp;&nbsp;&nbsp;&nbsp;&nbsp;&nbsp;&nbsp;&nbsp;&nbsp;&nbsp;&nbsp;&nbsp;&nbsp;&nbsp;&nbsp; euch Wintertagen<br>und euerem g\u00fctigen Schnee<br>&nbsp;&nbsp;&nbsp;&nbsp;&nbsp;&nbsp;&nbsp;&nbsp;&nbsp; ein herzliches Dankesch\u00f6n<br>und ein warmes Auf-Wiedersehen.<\/p>\n\n\n\n<p>&nbsp;&nbsp;&nbsp;&nbsp;&nbsp;&nbsp;&nbsp;&nbsp;&nbsp;&nbsp;&nbsp;&nbsp;&nbsp;&nbsp;&nbsp;&nbsp;&nbsp;&nbsp;&nbsp;&nbsp;&nbsp;&nbsp;&nbsp;&nbsp;&nbsp;&nbsp;&nbsp;&nbsp;&nbsp;&nbsp;&nbsp;&nbsp; 13. November 1985<\/p>\n","protected":false},"excerpt":{"rendered":"<p>Guten Tag, wei\u00dfer Wintertag!&nbsp;&nbsp;&nbsp;&nbsp;&nbsp;&nbsp;&nbsp;&nbsp;&nbsp; Sei herzlich gegr\u00fc\u00dft!&nbsp;&nbsp;&nbsp;&nbsp;&nbsp;&nbsp;&nbsp;&nbsp;&nbsp;&nbsp;&nbsp;&nbsp;&nbsp;&nbsp;&nbsp; Wie immer du f\u00fchlstunser Sehnen und Hoffen.Drum schenkst du uns&nbsp;&nbsp;&nbsp;&nbsp;&nbsp;&nbsp;&nbsp;&nbsp;&nbsp;&nbsp;&nbsp;&nbsp;&nbsp;&nbsp;&nbsp;&nbsp;&nbsp; w\u00e4rmenden Schnee:Windchen, weh! Windchen, weh!..Du wei\u00dft es ja gut,&nbsp;&nbsp;&nbsp;&nbsp;&nbsp;&nbsp;&nbsp;&nbsp;&nbsp;&nbsp;&nbsp;&nbsp;&nbsp;&nbsp; wir lieben es nicht,verstaubt in der Stube zu hocken.Drum s\u00e4st du und s\u00e4st&nbsp;&nbsp;&nbsp;&nbsp;&nbsp;&nbsp;&nbsp;&nbsp;&nbsp;&nbsp;&nbsp; deine flaumigen Flockenund bedeckst alle Felder&nbsp;&nbsp;&nbsp;&nbsp;&nbsp;&nbsp;&nbsp;&nbsp;&nbsp;&nbsp;&nbsp; mit samtweichen Decken.Denn kalt ist im Winter das Wetter.Du tust &hellip; <\/p>\n<p class=\"link-more\"><a href=\"https:\/\/arnhold.eu\/?p=788\" class=\"more-link\"><span class=\"screen-reader-text\">\u201eWillkommen!\u201c <\/span>weiterlesen<\/a><\/p>\n","protected":false},"author":2,"featured_media":0,"comment_status":"closed","ping_status":"closed","sticky":false,"template":"","format":"standard","meta":{"footnotes":""},"categories":[1],"tags":[],"class_list":["post-788","post","type-post","status-publish","format-standard","hentry","category-uncategorized"],"_links":{"self":[{"href":"https:\/\/arnhold.eu\/index.php?rest_route=\/wp\/v2\/posts\/788","targetHints":{"allow":["GET"]}}],"collection":[{"href":"https:\/\/arnhold.eu\/index.php?rest_route=\/wp\/v2\/posts"}],"about":[{"href":"https:\/\/arnhold.eu\/index.php?rest_route=\/wp\/v2\/types\/post"}],"author":[{"embeddable":true,"href":"https:\/\/arnhold.eu\/index.php?rest_route=\/wp\/v2\/users\/2"}],"replies":[{"embeddable":true,"href":"https:\/\/arnhold.eu\/index.php?rest_route=%2Fwp%2Fv2%2Fcomments&post=788"}],"version-history":[{"count":1,"href":"https:\/\/arnhold.eu\/index.php?rest_route=\/wp\/v2\/posts\/788\/revisions"}],"predecessor-version":[{"id":789,"href":"https:\/\/arnhold.eu\/index.php?rest_route=\/wp\/v2\/posts\/788\/revisions\/789"}],"wp:attachment":[{"href":"https:\/\/arnhold.eu\/index.php?rest_route=%2Fwp%2Fv2%2Fmedia&parent=788"}],"wp:term":[{"taxonomy":"category","embeddable":true,"href":"https:\/\/arnhold.eu\/index.php?rest_route=%2Fwp%2Fv2%2Fcategories&post=788"},{"taxonomy":"post_tag","embeddable":true,"href":"https:\/\/arnhold.eu\/index.php?rest_route=%2Fwp%2Fv2%2Ftags&post=788"}],"curies":[{"name":"wp","href":"https:\/\/api.w.org\/{rel}","templated":true}]}}