{"id":778,"date":"2020-05-12T15:10:35","date_gmt":"2020-05-12T15:10:35","guid":{"rendered":"http:\/\/hermann.arnhold.eu\/?p=778"},"modified":"2020-05-12T15:10:35","modified_gmt":"2020-05-12T15:10:35","slug":"rhythmische-ode","status":"publish","type":"post","link":"https:\/\/arnhold.eu\/?p=778","title":{"rendered":"Rhythmische Ode"},"content":{"rendered":"\n<p>Ja, alles wohl hat seine Rhythmen:<br>die Sonne, die Erde, die Sterne;<br>das Jahr und der Tag und die Nacht;<br>der Fr\u00fchling, der Sommer, der Winter,<br>der Herbst, der vers\u00f6hnlichgestimmte;<br>die Wiesen, die Felder, die Fernen,<br>der Wald und der fl\u00fcsternde Bach;<br>die Distel, das Wiesenschaumkraut,<br>die Kornblume, kornblumenblau;<br>Musik und Gef\u00fchl und Gesang<br>und selbst der verklungene Klang;<br>das Herz und der Pulsschlag der Zeit.<br>Und rhythmisch &#8211; sind Ebbe und Flut.<br>und flie\u00dft in den Adern das Blut.<br>Und rhythmisch sind Bauwerk und Plastik.<br>Und rhythmisch &#8211; obgleich auch noch klassisch &#8211;<br>ist heute die neue Gymnastik,<br>die anders Aerobik noch hei\u00dft&#8230;<\/p>\n\n\n\n<p>Und rhythmisch ist jede Bewegung,<br>und rhythmisch ist jede Begegnung,<br>mit frohen und plastischen Mustern &#8211;<br>grazil, grazi\u00f6s und illuster.<br>Was w\u00e4re die Welt ohne Rhythmen!<br>Von Rhythmen ist alles ergriffen!<br>Beileibe dabei nicht vergessen<br>(drum eben besonders erw\u00e4hnt):<br>Entlastung des Nervensystems!<br>Beseitigung jeglichen Stresses &#8211;<br>ob k\u00f6rperlich, nervlich, ob psychisch<br>die \u00dcberlastung auch war!<br>Voran geht die Arbeit dann rhythmisch:<br>Der Rhythmus des Lebens ist t\u00fcchtig!<br>Ja, alles ist rhythmusgeladen!<br>Und rhythmisch sogar ist die Liebe&#8230;<\/p>\n\n\n\n<p>Nur eines ist leider nicht klar&#8230;<br>Wie schade, wie schade, wie schade:<br>Die Verse allein werden jetzt &#8211;<br>als Gleichg\u00fcltigkeitsintermezzo<br>entgegen den Dichtungsgesetzen &#8211;<br>so oft ohne Rhythmus geschrieben!<\/p>\n\n\n\n<p>1985<\/p>\n","protected":false},"excerpt":{"rendered":"<p>Ja, alles wohl hat seine Rhythmen:die Sonne, die Erde, die Sterne;das Jahr und der Tag und die Nacht;der Fr\u00fchling, der Sommer, der Winter,der Herbst, der vers\u00f6hnlichgestimmte;die Wiesen, die Felder, die Fernen,der Wald und der fl\u00fcsternde Bach;die Distel, das Wiesenschaumkraut,die Kornblume, kornblumenblau;Musik und Gef\u00fchl und Gesangund selbst der verklungene Klang;das Herz und der Pulsschlag der Zeit.Und &hellip; <\/p>\n<p class=\"link-more\"><a href=\"https:\/\/arnhold.eu\/?p=778\" class=\"more-link\"><span class=\"screen-reader-text\">\u201eRhythmische Ode\u201c <\/span>weiterlesen<\/a><\/p>\n","protected":false},"author":2,"featured_media":0,"comment_status":"closed","ping_status":"closed","sticky":false,"template":"","format":"standard","meta":{"footnotes":""},"categories":[1],"tags":[],"class_list":["post-778","post","type-post","status-publish","format-standard","hentry","category-uncategorized"],"_links":{"self":[{"href":"https:\/\/arnhold.eu\/index.php?rest_route=\/wp\/v2\/posts\/778","targetHints":{"allow":["GET"]}}],"collection":[{"href":"https:\/\/arnhold.eu\/index.php?rest_route=\/wp\/v2\/posts"}],"about":[{"href":"https:\/\/arnhold.eu\/index.php?rest_route=\/wp\/v2\/types\/post"}],"author":[{"embeddable":true,"href":"https:\/\/arnhold.eu\/index.php?rest_route=\/wp\/v2\/users\/2"}],"replies":[{"embeddable":true,"href":"https:\/\/arnhold.eu\/index.php?rest_route=%2Fwp%2Fv2%2Fcomments&post=778"}],"version-history":[{"count":1,"href":"https:\/\/arnhold.eu\/index.php?rest_route=\/wp\/v2\/posts\/778\/revisions"}],"predecessor-version":[{"id":779,"href":"https:\/\/arnhold.eu\/index.php?rest_route=\/wp\/v2\/posts\/778\/revisions\/779"}],"wp:attachment":[{"href":"https:\/\/arnhold.eu\/index.php?rest_route=%2Fwp%2Fv2%2Fmedia&parent=778"}],"wp:term":[{"taxonomy":"category","embeddable":true,"href":"https:\/\/arnhold.eu\/index.php?rest_route=%2Fwp%2Fv2%2Fcategories&post=778"},{"taxonomy":"post_tag","embeddable":true,"href":"https:\/\/arnhold.eu\/index.php?rest_route=%2Fwp%2Fv2%2Ftags&post=778"}],"curies":[{"name":"wp","href":"https:\/\/api.w.org\/{rel}","templated":true}]}}