{"id":723,"date":"2020-05-11T14:12:34","date_gmt":"2020-05-11T14:12:34","guid":{"rendered":"http:\/\/hermann.arnhold.eu\/?p=723"},"modified":"2020-05-11T14:12:34","modified_gmt":"2020-05-11T14:12:34","slug":"lied-vom-herbst","status":"publish","type":"post","link":"https:\/\/arnhold.eu\/?p=723","title":{"rendered":"Lied vom Herbst"},"content":{"rendered":"\n<p>So vieles hat erlebt, so vieles wei\u00df<br>&nbsp;&nbsp;&nbsp;&nbsp; der Wirbelsturm der Zeitlichkeit&#8230;<br>Und ist die Welt, die dich umgibt,<br>&nbsp;&nbsp;&nbsp;&nbsp;&nbsp; die Welt, in die du hei\u00df verliebt,<br>auch noch so farbenreich und sch\u00f6n,<br>&nbsp; &nbsp;&nbsp;&nbsp;&nbsp;&nbsp;&nbsp;&nbsp;&nbsp;&nbsp;so manchmal deine Seele sehnt<br>&nbsp;&nbsp;&nbsp;&nbsp;&nbsp;&nbsp;&nbsp; sich trotzdem nach Geborgenheit,<br>um dort allein, mit sich allein,<br>&nbsp;&nbsp;&nbsp;&nbsp;&nbsp;&nbsp;&nbsp;&nbsp;&nbsp;&nbsp;&nbsp;&nbsp;&nbsp;&nbsp;&nbsp; in ihren stillen Winkeln<br>es wieder zu versuchen,<br>&nbsp;&nbsp;&nbsp;&nbsp;&nbsp;&nbsp;&nbsp;&nbsp;&nbsp;&nbsp;&nbsp;&nbsp;&nbsp;&nbsp;&nbsp;&nbsp;&nbsp; im aufgeklappten Buche<br>des langen Weges<br>&nbsp;&nbsp;&nbsp;&nbsp;&nbsp;&nbsp;&nbsp;&nbsp;&nbsp;&nbsp;&nbsp;&nbsp;&nbsp; den Sinn des kurzen Seins,<br>den Lebenszweck, sein Vorw\u00e4rtsstreben<br>&nbsp;&nbsp;&nbsp;&nbsp;&nbsp;&nbsp;&nbsp;&nbsp;&nbsp;&nbsp;&nbsp;&nbsp;&nbsp; im stillen zu ergr\u00fcnden&#8230;<\/p>\n\n\n\n<p>\u00a0\u00a0\u00a0\u00a0\u00a0\u00a0\u00a0\u00a0\u00a0\u00a0\u00a0\u00a0\u00a0 * * *<br>Es setzt der frische Abendwind<br>\u00a0\u00a0\u00a0\u00a0\u00a0\u00a0\u00a0\u00a0\u00a0\u00a0\u00a0\u00a0\u00a0\u00a0\u00a0\u00a0\u00a0\u00a0\u00a0\u00a0\u00a0\u00a0\u00a0\u00a0\u00a0\u00a0 gewandt<br>\u00a0\u00a0\u00a0\u00a0\u00a0\u00a0\u00a0\u00a0\u00a0\u00a0\u00a0\u00a0\u00a0\u00a0\u00a0\u00a0\u00a0\u00a0\u00a0\u00a0\u00a0\u00a0\u00a0\u00a0\u00a0\u00a0 den Bogen an:<br>Und leise, leise singt<br>\u00a0\u00a0\u00a0\u00a0 \u00a0\u00a0\u00a0\u00a0\u00a0\u00a0\u00a0\u00a0\u00a0\u00a0\u00a0\u00a0\u00a0\u00a0und seufzt und st\u00f6hnt<br>des Herbstes Zaubercello<br>\u00a0\u00a0\u00a0\u00a0\u00a0\u00a0\u00a0\u00a0\u00a0\u00a0\u00a0\u00a0\u00a0\u00a0\u00a0\u00a0\u00a0 in seinem weichen Tief<br>(und dennoch hoch genug gestimmt!)<br>\u00a0\u00a0\u00a0\u00a0\u00a0\u00a0\u00a0\u00a0\u00a0\u00a0\u00a0 f\u00fcr dich sein Abschiedslied,<br>damit die Farbent\u00f6ne &#8211;<br>\u00a0\u00a0\u00a0\u00a0\u00a0\u00a0\u00a0\u00a0\u00a0\u00a0\u00a0\u00a0\u00a0\u00a0\u00a0\u00a0\u00a0 ob dunkel oder hell -,<br>die all es gab und gibt<br>\u00a0\u00a0\u00a0\u00a0\u00a0\u00a0\u00a0\u00a0\u00a0\u00a0\u00a0\u00a0\u00a0\u00a0\u00a0\u00a0\u00a0\u00a0\u00a0 in deiner Innenwelt,<br>sich mit dem Schicksalsweg vers\u00f6hnend,<br>f\u00fcr dich aufs neue, wiederholt erklingen<br>\u00a0\u00a0\u00a0\u00a0 als klarer Klang der k\u00fchlen Quelle.<\/p>\n\n\n\n<p>\u00a0\u00a0\u00a0\u00a0\u00a0\u00a0\u00a0\u00a0\u00a0\u00a0\u00a0\u00a0\u00a0\u00a0 * * *<br>Es eilt die Zeit,<br>\u00a0\u00a0\u00a0\u00a0\u00a0\u00a0\u00a0\u00a0\u00a0\u00a0\u00a0\u00a0\u00a0 sie treibt, sie peitscht &#8211;<br>wie sie\u00b4s allein, allein nur kann &#8211;<br>\u00a0\u00a0\u00a0 den Herbst, den herben Herbst voran.<br>Und an die K\u00fcste<br>\u00a0\u00a0\u00a0\u00a0\u00a0\u00a0\u00a0\u00a0\u00a0\u00a0\u00a0\u00a0 deiner bangen Abendstimmung<br>(Als ob du w\u00fc\u00dftest,<br>\u00a0\u00a0\u00a0\u00a0\u00a0\u00a0\u00a0\u00a0\u00a0\u00a0\u00a0\u00a0\u00a0\u00a0\u00a0 Herz, woher sie kommen!)<br>branden leidenschaftlich nun die Wellen<br>der Grunderlebnisse und Augenblicke,<br>\u00a0\u00a0\u00a0\u00a0\u00a0\u00a0\u00a0\u00a0\u00a0\u00a0\u00a0\u00a0 die dir geschenkt f\u00fcr immer<br>dein Fr\u00fchling und dein Sommer.<\/p>\n\n\n\n<p>\u00a0\u00a0\u00a0\u00a0\u00a0\u00a0\u00a0\u00a0\u00a0\u00a0\u00a0\u00a0\u00a0\u00a0 * * *<br>Und wieder ert\u00f6nen &#8211;<br>\u00a0\u00a0\u00a0\u00a0\u00a0\u00a0\u00a0\u00a0\u00a0\u00a0\u00a0\u00a0\u00a0\u00a0 bald rauh und grau,<br>\u00a0\u00a0\u00a0\u00a0\u00a0\u00a0\u00a0\u00a0\u00a0\u00a0\u00a0\u00a0\u00a0\u00a0\u00a0\u00a0\u00a0\u00a0\u00a0 bald sanft und weich<br>(Wie aus dem bunten M\u00e4rchenreich!) &#8211;<br>\u00a0\u00a0\u00a0\u00a0\u00a0\u00a0\u00a0\u00a0\u00a0\u00a0\u00a0\u00a0\u00a0 \u00a0\u00a0\u00a0\u00a0\u00a0\u00a0die mahnenden Saiten<br>des herbstlichen Cellos&#8230;<br>Und Leid und Freude<br>\u00a0\u00a0\u00a0\u00a0\u00a0\u00a0\u00a0\u00a0\u00a0\u00a0\u00a0\u00a0\u00a0 (Du kennst sie ja beide!),<br>\u00a0\u00a0\u00a0\u00a0\u00a0 die ihrer Tr\u00e4nen<br>\u00a0\u00a0\u00a0\u00a0\u00a0\u00a0\u00a0\u00a0\u00a0\u00a0\u00a0\u00a0\u00a0\u00a0\u00a0\u00a0\u00a0\u00a0\u00a0\u00a0\u00a0\u00a0 nie sich sch\u00e4men,<br>und all dein Hoffen,<br>\u00a0\u00a0\u00a0\u00a0\u00a0\u00a0\u00a0\u00a0\u00a0\u00a0\u00a0\u00a0\u00a0\u00a0\u00a0\u00a0\u00a0\u00a0\u00a0\u00a0 und all dein Sehnen<br>aus fernen Weiten<br>\u00a0\u00a0\u00a0\u00a0\u00a0\u00a0\u00a0\u00a0\u00a0\u00a0 und l\u00e4ngst vergangnen Zeiten,<br>zutiefst dein Herz ergreifend,<br>aufs neue erklingen,<br>\u00a0\u00a0\u00a0\u00a0\u00a0\u00a0\u00a0\u00a0\u00a0\u00a0\u00a0\u00a0\u00a0\u00a0\u00a0\u00a0\u00a0 als sei es dein Heute.<\/p>\n\n\n\n<p>\u00a0\u00a0\u00a0\u00a0\u00a0\u00a0\u00a0\u00a0\u00a0\u00a0\u00a0\u00a0\u00a0\u00a0\u00a0\u00a0 * * *<br>Ob Pfingstrosen du<br>\u00a0\u00a0\u00a0\u00a0\u00a0\u00a0\u00a0\u00a0\u00a0\u00a0\u00a0 allein nur dazu<br>\u00a0\u00a0\u00a0\u00a0\u00a0\u00a0\u00a0\u00a0\u00a0\u00a0\u00a0\u00a0\u00a0\u00a0 gepfl\u00fcckt und geschnitten<br>in aller Ruh<br>\u00a0\u00a0\u00a0\u00a0\u00a0\u00a0\u00a0\u00a0\u00a0\u00a0 im bl\u00fchenden Garten<br>\u00a0\u00a0\u00a0\u00a0\u00a0\u00a0\u00a0\u00a0\u00a0\u00a0\u00a0\u00a0\u00a0\u00a0\u00a0\u00a0\u00a0\u00a0\u00a0\u00a0\u00a0 des ewigen Lebens,<br>um die leeren R\u00e4ume<br>\u00a0\u00a0\u00a0\u00a0\u00a0\u00a0\u00a0\u00a0\u00a0\u00a0\u00a0\u00a0\u00a0\u00a0\u00a0\u00a0 deiner lechzenden Seele<br>mit Bl\u00fctentr\u00e4umen,<br>\u00a0\u00a0\u00a0\u00a0\u00a0\u00a0\u00a0\u00a0\u00a0\u00a0\u00a0\u00a0\u00a0\u00a0 die deiner<br>\u00a0\u00a0\u00a0\u00a0\u00a0\u00a0\u00a0\u00a0\u00a0\u00a0\u00a0\u00a0\u00a0\u00a0\u00a0\u00a0\u00a0\u00a0\u00a0 lange schon harrten,<br>zu zieren und schm\u00fccken?<br>\u00a0\u00a0\u00a0\u00a0\u00a0 \u00a0\u00a0\u00a0\u00a0\u00a0\u00a0\u00a0\u00a0\u00a0\u00a0\u00a0\u00a0\u00a0\u00a0\u00a0\u00a0Um dich zu erfreuen<br>am prangenden Rot ihres Feuers?<br>Um dich zu erquicken<br>\u00a0\u00a0\u00a0\u00a0\u00a0\u00a0\u00a0\u00a0\u00a0\u00a0\u00a0\u00a0\u00a0 an der k\u00f6stlichen Frische?<br>Um dich selbst zu belohnen<br>\u00a0\u00a0\u00a0\u00a0\u00a0\u00a0\u00a0\u00a0\u00a0\u00a0\u00a0\u00a0\u00a0\u00a0\u00a0\u00a0\u00a0\u00a0\u00a0\u00a0\u00a0\u00a0\u00a0 mit ihrem Aroma?<\/p>\n\n\n\n<p>\u00a0\u00a0\u00a0\u00a0\u00a0\u00a0\u00a0\u00a0\u00a0\u00a0\u00a0\u00a0\u00a0\u00a0\u00a0 * * *<br>Ob wirklich auch viel du gelitten &#8211;<br>ach nein, nicht f\u00fcr dich!<br>\u00a0\u00a0\u00a0\u00a0\u00a0\u00a0\u00a0\u00a0\u00a0 So meinen die Kl\u00e4nge es nicht.<br>F\u00fcr das Wohl deiner N\u00e4chsten!<br>Die sich sehnten und sehnen<br>\u00a0\u00a0\u00a0\u00a0\u00a0\u00a0\u00a0\u00a0\u00a0\u00a0\u00a0\u00a0\u00a0\u00a0\u00a0\u00a0\u00a0\u00a0 nach W\u00e4rme und Licht.<br>Ob du sie getr\u00f6stet<br>in den Stunden der tiefen Verzweiflung,<br>damit auch ihre Hoffnungstr\u00e4ume reiften.<br>Und ob du auch wirklich versucht,<br>\u00a0\u00a0\u00a0\u00a0\u00a0\u00a0\u00a0\u00a0\u00a0\u00a0\u00a0\u00a0\u00a0\u00a0\u00a0\u00a0\u00a0 mit deinem hei\u00dfen Blut<br>ein kommendes Unheil,<br>\u00a0\u00a0\u00a0\u00a0\u00a0\u00a0\u00a0\u00a0\u00a0\u00a0\u00a0\u00a0\u00a0\u00a0\u00a0\u00a0\u00a0\u00a0\u00a0\u00a0\u00a0 das ihnen gedroht,<br>zu verhindern,<br>\u00a0\u00a0 den Kummer, den schweren, zu lindern<br>\u00a0\u00a0\u00a0\u00a0\u00a0\u00a0\u00a0\u00a0\u00a0\u00a0\u00a0\u00a0\u00a0\u00a0\u00a0\u00a0\u00a0\u00a0\u00a0\u00a0 und ohne zu warten<br>auf Dank und auf Lob&#8230;<br>Und deine N\u00e4chsten sind alle &#8211;<br>\u00a0\u00a0\u00a0\u00a0 hier und dort in der weiten Welt -,<br>die unter Unrecht und Willk\u00fcr gelitten,<br>\u00a0\u00a0\u00a0\u00a0\u00a0\u00a0\u00a0\u00a0\u00a0\u00a0\u00a0\u00a0\u00a0\u00a0\u00a0\u00a0 die als Opfer gefallen,<br>und alle, die heute noch leiden,<br>\u00a0\u00a0\u00a0\u00a0\u00a0\u00a0\u00a0\u00a0\u00a0\u00a0\u00a0\u00a0\u00a0\u00a0\u00a0 sich zu retten versuchen<br>und deren Hilferufe<br>\u00a0\u00a0 in der W\u00fcste der Lauheit verhallen&#8230;<br>Und du wei\u00dft, oh, du wei\u00dft:<br>Es stehen auch heut<br>\u00a0\u00a0\u00a0\u00a0\u00a0\u00a0\u00a0\u00a0\u00a0\u00a0\u00a0\u00a0\u00a0\u00a0 die Augen der Zeit<br>\u00a0\u00a0\u00a0\u00a0\u00a0\u00a0\u00a0\u00a0\u00a0\u00a0\u00a0\u00a0\u00a0\u00a0\u00a0\u00a0\u00a0\u00a0\u00a0\u00a0\u00a0\u00a0\u00a0\u00a0\u00a0 voller Tr\u00e4nen.<\/p>\n\n\n\n<p>\u00a0\u00a0\u00a0\u00a0\u00a0\u00a0\u00a0\u00a0\u00a0\u00a0\u00a0\u00a0\u00a0\u00a0 * * *<br>Die Saiten des Cellos ert\u00f6nen<br>\u00a0\u00a0\u00a0\u00a0\u00a0\u00a0\u00a0\u00a0\u00a0\u00a0\u00a0\u00a0\u00a0\u00a0\u00a0\u00a0\u00a0\u00a0 bald dunkel und tief,<br>bald hell und bald weich:<br>\u00a0\u00a0\u00a0\u00a0\u00a0\u00a0\u00a0 Ein Herbstlied, ein inniges Lied<br>der T\u00f6ne und Farben,<br>\u00a0\u00a0\u00a0\u00a0\u00a0\u00a0\u00a0\u00a0\u00a0\u00a0\u00a0\u00a0\u00a0\u00a0\u00a0\u00a0 der dumpfen und warmen,<br>der ewigen Frage,<br>\u00a0\u00a0\u00a0\u00a0\u00a0\u00a0\u00a0\u00a0\u00a0\u00a0\u00a0\u00a0\u00a0 der ewigen, l\u00e4stigen Plage:<br>Wozu du gewirkt und gewebt,<br>\u00a0\u00a0\u00a0\u00a0\u00a0\u00a0\u00a0\u00a0\u00a0\u00a0\u00a0\u00a0 wozu du geliebt und gelebt.<br>Ein Lied von Freude und Leid<br>\u00a0\u00a0\u00a0\u00a0\u00a0\u00a0\u00a0\u00a0\u00a0\u00a0\u00a0\u00a0\u00a0\u00a0 deiner zweifelnden Seele,<br>die willens,<br>sich selbst, ja sich selbst zu zerqu\u00e4len<br>noch oft in der Stille<br>\u00a0\u00a0\u00a0\u00a0\u00a0\u00a0\u00a0\u00a0\u00a0\u00a0\u00a0\u00a0 der inneren Waldeinsamkeit.<\/p>\n\n\n\n<p>1986<\/p>\n","protected":false},"excerpt":{"rendered":"<p>So vieles hat erlebt, so vieles wei\u00df&nbsp;&nbsp;&nbsp;&nbsp; der Wirbelsturm der Zeitlichkeit&#8230;Und ist die Welt, die dich umgibt,&nbsp;&nbsp;&nbsp;&nbsp;&nbsp; die Welt, in die du hei\u00df verliebt,auch noch so farbenreich und sch\u00f6n,&nbsp; &nbsp;&nbsp;&nbsp;&nbsp;&nbsp;&nbsp;&nbsp;&nbsp;&nbsp;so manchmal deine Seele sehnt&nbsp;&nbsp;&nbsp;&nbsp;&nbsp;&nbsp;&nbsp; sich trotzdem nach Geborgenheit,um dort allein, mit sich allein,&nbsp;&nbsp;&nbsp;&nbsp;&nbsp;&nbsp;&nbsp;&nbsp;&nbsp;&nbsp;&nbsp;&nbsp;&nbsp;&nbsp;&nbsp; in ihren stillen Winkelnes wieder zu versuchen,&nbsp;&nbsp;&nbsp;&nbsp;&nbsp;&nbsp;&nbsp;&nbsp;&nbsp;&nbsp;&nbsp;&nbsp;&nbsp;&nbsp;&nbsp;&nbsp;&nbsp; im aufgeklappten Buchedes langen Weges&nbsp;&nbsp;&nbsp;&nbsp;&nbsp;&nbsp;&nbsp;&nbsp;&nbsp;&nbsp;&nbsp;&nbsp;&nbsp; &hellip; <\/p>\n<p class=\"link-more\"><a href=\"https:\/\/arnhold.eu\/?p=723\" class=\"more-link\"><span class=\"screen-reader-text\">\u201eLied vom Herbst\u201c <\/span>weiterlesen<\/a><\/p>\n","protected":false},"author":2,"featured_media":0,"comment_status":"closed","ping_status":"closed","sticky":false,"template":"","format":"standard","meta":{"footnotes":""},"categories":[1],"tags":[],"class_list":["post-723","post","type-post","status-publish","format-standard","hentry","category-uncategorized"],"_links":{"self":[{"href":"https:\/\/arnhold.eu\/index.php?rest_route=\/wp\/v2\/posts\/723","targetHints":{"allow":["GET"]}}],"collection":[{"href":"https:\/\/arnhold.eu\/index.php?rest_route=\/wp\/v2\/posts"}],"about":[{"href":"https:\/\/arnhold.eu\/index.php?rest_route=\/wp\/v2\/types\/post"}],"author":[{"embeddable":true,"href":"https:\/\/arnhold.eu\/index.php?rest_route=\/wp\/v2\/users\/2"}],"replies":[{"embeddable":true,"href":"https:\/\/arnhold.eu\/index.php?rest_route=%2Fwp%2Fv2%2Fcomments&post=723"}],"version-history":[{"count":1,"href":"https:\/\/arnhold.eu\/index.php?rest_route=\/wp\/v2\/posts\/723\/revisions"}],"predecessor-version":[{"id":724,"href":"https:\/\/arnhold.eu\/index.php?rest_route=\/wp\/v2\/posts\/723\/revisions\/724"}],"wp:attachment":[{"href":"https:\/\/arnhold.eu\/index.php?rest_route=%2Fwp%2Fv2%2Fmedia&parent=723"}],"wp:term":[{"taxonomy":"category","embeddable":true,"href":"https:\/\/arnhold.eu\/index.php?rest_route=%2Fwp%2Fv2%2Fcategories&post=723"},{"taxonomy":"post_tag","embeddable":true,"href":"https:\/\/arnhold.eu\/index.php?rest_route=%2Fwp%2Fv2%2Ftags&post=723"}],"curies":[{"name":"wp","href":"https:\/\/api.w.org\/{rel}","templated":true}]}}