{"id":699,"date":"2020-05-11T07:56:34","date_gmt":"2020-05-11T07:56:34","guid":{"rendered":"http:\/\/hermann.arnhold.eu\/?p=699"},"modified":"2020-05-11T07:56:34","modified_gmt":"2020-05-11T07:56:34","slug":"solang-die-warmen-farben-leuchten","status":"publish","type":"post","link":"https:\/\/arnhold.eu\/?p=699","title":{"rendered":"Solang die warmen Farben leuchten"},"content":{"rendered":"\n<p>O stiller Herbst, dich bet ich an<br>und schlie\u00dfe dich<br>&nbsp;&nbsp;&nbsp;&nbsp;&nbsp;&nbsp;&nbsp;&nbsp;&nbsp;&nbsp;&nbsp;&nbsp;&nbsp;&nbsp;&nbsp;&nbsp;&nbsp; in meine Arme<br>und labe mich<br>&nbsp;&nbsp;&nbsp;&nbsp;&nbsp;&nbsp;&nbsp;&nbsp;&nbsp;&nbsp;&nbsp;&nbsp;&nbsp; am sanften Klang<br>der sonnenwarmen,<br>&nbsp;&nbsp;&nbsp;&nbsp;&nbsp;&nbsp;&nbsp;&nbsp;&nbsp;&nbsp;&nbsp;&nbsp;&nbsp;&nbsp;&nbsp;&nbsp;&nbsp; weichen Farben!<br>Mein blauer Traum,<br>&nbsp;&nbsp;&nbsp;&nbsp;&nbsp;&nbsp;&nbsp;&nbsp;&nbsp;&nbsp;&nbsp;&nbsp;&nbsp;&nbsp;&nbsp; der sacht vergl\u00fcht<br>im H\u00f6henrauch der Steppenweiten,<br>singt leise, leise mir ein Lied<br>von Freud und Leid<br>&nbsp;&nbsp;&nbsp;&nbsp;&nbsp;&nbsp;&nbsp;&nbsp;&nbsp;&nbsp;&nbsp;&nbsp;&nbsp;&nbsp;&nbsp; der Jahreszeiten&#8230;<\/p>\n\n\n\n<p>Der Winter kommt hereingeschneit<br>mit Pinsel und mit hellen Farben<br>und ziert mit seinem Bl\u00fctenwei\u00df<br>die Seelenwinkel allenthalben.<br>Des Winters reines Flockenwei\u00df<br>mu\u00df f\u00fcr den hei\u00dfen Sommer sorgen.<br>Damit das Gr\u00fcn des Fr\u00fchlings reift<br>und Fr\u00fcchte tr\u00e4gt f\u00fcr unser Morgen.<\/p>\n\n\n\n<p>Und mit dem Gr\u00fcn der Fr\u00fchlingswelt<br>erklingen alle Farbent\u00f6ne:<br>vom Blau bis hin zum Rot und Gelb &#8211;<br>im Reich der Farbenharmonie,<br>im Reich des Guten und des Sch\u00f6nen.<\/p>\n\n\n\n<p>Und mit dem Purpur und dem Gold<br>der Fr\u00fchherbstmilde<br>&nbsp;&nbsp;&nbsp;&nbsp;&nbsp;&nbsp;&nbsp;&nbsp;&nbsp; schm\u00fcck ich meine Tr\u00e4ume.<br>So ha\u00b4s das linde<br>&nbsp;&nbsp;&nbsp;&nbsp;&nbsp;&nbsp;&nbsp;&nbsp;&nbsp;&nbsp; Hoffnungsgr\u00fcn gewollt&#8230;<\/p>\n\n\n\n<p>Ob Sturm und Regen<br>mit ihrem Sp\u00e4therbstgrau die R\u00e4ume<br>meiner Seele<br>&nbsp;&nbsp;&nbsp;&nbsp;&nbsp;&nbsp; nicht verfinstern dann<br>&nbsp;&nbsp;&nbsp;&nbsp;&nbsp;&nbsp;&nbsp;&nbsp;&nbsp;&nbsp;&nbsp; und mein Bestreben<br>&nbsp;&nbsp;&nbsp;&nbsp;&nbsp;&nbsp;&nbsp;&nbsp;&nbsp;&nbsp;&nbsp;&nbsp;&nbsp;&nbsp; anteillos verneinen?<\/p>\n\n\n\n<p>Drum will ich eilen,<br>solang die warmen Farben leuchten.<br>Damit ich keine Zeit vers\u00e4ume.<\/p>\n\n\n\n<p>&nbsp;&nbsp;&nbsp;&nbsp;&nbsp;&nbsp;&nbsp;&nbsp;&nbsp;&nbsp;&nbsp;&nbsp;&nbsp;&nbsp;&nbsp;&nbsp;&nbsp;&nbsp;&nbsp;&nbsp;&nbsp;&nbsp;&nbsp;&nbsp;&nbsp;&nbsp;&nbsp;&nbsp;&nbsp;&nbsp;&nbsp;&nbsp;&nbsp;&nbsp;&nbsp;&nbsp;&nbsp;&nbsp; 1987<\/p>\n","protected":false},"excerpt":{"rendered":"<p>O stiller Herbst, dich bet ich anund schlie\u00dfe dich&nbsp;&nbsp;&nbsp;&nbsp;&nbsp;&nbsp;&nbsp;&nbsp;&nbsp;&nbsp;&nbsp;&nbsp;&nbsp;&nbsp;&nbsp;&nbsp;&nbsp; in meine Armeund labe mich&nbsp;&nbsp;&nbsp;&nbsp;&nbsp;&nbsp;&nbsp;&nbsp;&nbsp;&nbsp;&nbsp;&nbsp;&nbsp; am sanften Klangder sonnenwarmen,&nbsp;&nbsp;&nbsp;&nbsp;&nbsp;&nbsp;&nbsp;&nbsp;&nbsp;&nbsp;&nbsp;&nbsp;&nbsp;&nbsp;&nbsp;&nbsp;&nbsp; weichen Farben!Mein blauer Traum,&nbsp;&nbsp;&nbsp;&nbsp;&nbsp;&nbsp;&nbsp;&nbsp;&nbsp;&nbsp;&nbsp;&nbsp;&nbsp;&nbsp;&nbsp; der sacht vergl\u00fchtim H\u00f6henrauch der Steppenweiten,singt leise, leise mir ein Liedvon Freud und Leid&nbsp;&nbsp;&nbsp;&nbsp;&nbsp;&nbsp;&nbsp;&nbsp;&nbsp;&nbsp;&nbsp;&nbsp;&nbsp;&nbsp;&nbsp; der Jahreszeiten&#8230; Der Winter kommt hereingeschneitmit Pinsel und mit hellen Farbenund ziert mit seinem Bl\u00fctenwei\u00dfdie Seelenwinkel allenthalben.Des Winters reines &hellip; <\/p>\n<p class=\"link-more\"><a href=\"https:\/\/arnhold.eu\/?p=699\" class=\"more-link\"><span class=\"screen-reader-text\">\u201eSolang die warmen Farben leuchten\u201c <\/span>weiterlesen<\/a><\/p>\n","protected":false},"author":2,"featured_media":0,"comment_status":"closed","ping_status":"closed","sticky":false,"template":"","format":"standard","meta":{"footnotes":""},"categories":[1],"tags":[],"class_list":["post-699","post","type-post","status-publish","format-standard","hentry","category-uncategorized"],"_links":{"self":[{"href":"https:\/\/arnhold.eu\/index.php?rest_route=\/wp\/v2\/posts\/699","targetHints":{"allow":["GET"]}}],"collection":[{"href":"https:\/\/arnhold.eu\/index.php?rest_route=\/wp\/v2\/posts"}],"about":[{"href":"https:\/\/arnhold.eu\/index.php?rest_route=\/wp\/v2\/types\/post"}],"author":[{"embeddable":true,"href":"https:\/\/arnhold.eu\/index.php?rest_route=\/wp\/v2\/users\/2"}],"replies":[{"embeddable":true,"href":"https:\/\/arnhold.eu\/index.php?rest_route=%2Fwp%2Fv2%2Fcomments&post=699"}],"version-history":[{"count":1,"href":"https:\/\/arnhold.eu\/index.php?rest_route=\/wp\/v2\/posts\/699\/revisions"}],"predecessor-version":[{"id":700,"href":"https:\/\/arnhold.eu\/index.php?rest_route=\/wp\/v2\/posts\/699\/revisions\/700"}],"wp:attachment":[{"href":"https:\/\/arnhold.eu\/index.php?rest_route=%2Fwp%2Fv2%2Fmedia&parent=699"}],"wp:term":[{"taxonomy":"category","embeddable":true,"href":"https:\/\/arnhold.eu\/index.php?rest_route=%2Fwp%2Fv2%2Fcategories&post=699"},{"taxonomy":"post_tag","embeddable":true,"href":"https:\/\/arnhold.eu\/index.php?rest_route=%2Fwp%2Fv2%2Ftags&post=699"}],"curies":[{"name":"wp","href":"https:\/\/api.w.org\/{rel}","templated":true}]}}