{"id":695,"date":"2020-05-11T07:47:13","date_gmt":"2020-05-11T07:47:13","guid":{"rendered":"http:\/\/hermann.arnhold.eu\/?p=695"},"modified":"2020-05-11T07:47:13","modified_gmt":"2020-05-11T07:47:13","slug":"erwartung-und-reminiszenz","status":"publish","type":"post","link":"https:\/\/arnhold.eu\/?p=695","title":{"rendered":"Erwartung und Reminiszenz"},"content":{"rendered":"\n<p>Erwartung und Reminiszenz &#8211;<br>&nbsp;&nbsp;&nbsp;&nbsp;&nbsp; &nbsp;&nbsp;&nbsp;&nbsp;&nbsp;&nbsp;&nbsp;&nbsp;&nbsp;&nbsp;&nbsp;&nbsp;&nbsp;die beiden zusammen &#8211;<br>sind ein wahres Geschenk.<br>&nbsp;&nbsp;&nbsp;&nbsp;&nbsp;&nbsp;&nbsp;&nbsp;&nbsp;&nbsp;&nbsp;&nbsp;&nbsp;&nbsp;&nbsp;&nbsp;&nbsp;&nbsp;&nbsp;&nbsp;&nbsp;&nbsp;&nbsp;&nbsp;&nbsp; Sie entflammen<br>die besten Gef\u00fchle.<br>&nbsp;&nbsp;&nbsp;&nbsp;&nbsp;&nbsp;&nbsp;&nbsp;&nbsp;&nbsp;&nbsp;&nbsp;&nbsp; Und nicht nur im Fr\u00fchling.<br>Auch im Herbst sie den Glauben beh\u00fcten.<br>Und klopfen sie an,<br>&nbsp;&nbsp;&nbsp;&nbsp;&nbsp;&nbsp;&nbsp;&nbsp;&nbsp;&nbsp;&nbsp; so la\u00df, o so la\u00df sie herein,<br>meine Seele, ins Heim<br>&nbsp;&nbsp;&nbsp;&nbsp;&nbsp;&nbsp;&nbsp;&nbsp;&nbsp;&nbsp;&nbsp;&nbsp;&nbsp; deiner Sommernachtstr\u00e4ume,<br>da\u00df dein Mut und dein Lebensgef\u00fchl<br>&nbsp;&nbsp;&nbsp;&nbsp;&nbsp;&nbsp;&nbsp;&nbsp;&nbsp;&nbsp;&nbsp;&nbsp;&nbsp;&nbsp;&nbsp;&nbsp;&nbsp;&nbsp;&nbsp;&nbsp;&nbsp; nicht versteinern.<\/p>\n\n\n\n<p>\u00a0\u00a0\u00a0\u00a0\u00a0\u00a0\u00a0\u00a0\u00a0\u00a0\u00a0\u00a0\u00a0 * * *<br>Die gedanklichen Weiten<br>\u00a0\u00a0\u00a0\u00a0\u00a0\u00a0\u00a0\u00a0\u00a0\u00a0 erfassen bewegt und empfinden<br>im Wandel der Zeiten<br>\u00a0 \u00a0\u00a0\u00a0\u00a0die unverge\u00dflichen farbigen Bilder<br>der Kindheit und Jugend und Reife<br>\u00a0\u00a0\u00a0\u00a0\u00a0\u00a0\u00a0\u00a0\u00a0 als schwimmende M\u00e4rcheninseln,<br>die nirgends auf lange verweilen,<br>\u00a0\u00a0\u00a0\u00a0\u00a0\u00a0\u00a0\u00a0\u00a0 um schnell dann vor\u00fcberzueilen<br>im brausenden Meere des Lebens.<br>Und dort auf den Wellen sie treiben &#8211;<br>\u00a0\u00a0\u00a0\u00a0\u00a0\u00a0\u00a0\u00a0\u00a0\u00a0\u00a0\u00a0\u00a0\u00a0\u00a0\u00a0\u00a0\u00a0 als Freude und Leid &#8211;<br>auf immer, f\u00fcr immer dahin.<br>\u00a0\u00a0\u00a0\u00a0\u00a0\u00a0\u00a0\u00a0\u00a0\u00a0\u00a0\u00a0\u00a0\u00a0\u00a0\u00a0\u00a0\u00a0 Und es w\u00e4re vergebens<br>ein seufzendes, wehes<br>\u00a0\u00a0\u00a0\u00a0\u00a0\u00a0\u00a0\u00a0\u00a0\u00a0\u00a0\u00a0\u00a0\u00a0\u00a0\u00a0\u00a0\u00a0\u00a0\u00a0 &#8222;Ach wenn doch!..&#8220;.<br>Ein Verhallen es ist. Ein Verklingen.<br>\u00a0\u00a0\u00a0\u00a0\u00a0\u00a0\u00a0\u00a0\u00a0\u00a0 Ein schmerzvolles H\u00e4nderingen<br>der Trostlosigkeit.<br>\u00a0\u00a0\u00a0\u00a0\u00a0\u00a0\u00a0 Ein leises, fast stilles &#8222;Ade!&#8220;.<br>Denn: Scheiden tut weh!..<\/p>\n\n\n\n<p>\u00a0\u00a0\u00a0\u00a0\u00a0\u00a0\u00a0\u00a0\u00a0\u00a0\u00a0\u00a0 * * *<br>\u00a0\u00a0\u00a0\u00a0\u00a0\u00a0\u00a0\u00a0\u00a0\u00a0\u00a0\u00a0\u00a0\u00a0 Und dennoch! Und dennoch!<br>Die Seele vernimmt<br>\u00a0\u00a0\u00a0\u00a0\u00a0\u00a0\u00a0\u00a0\u00a0\u00a0\u00a0\u00a0\u00a0 und erh\u00f6rt noch die Kl\u00e4nge<br>der ber\u00fcckenden Lieder,<br>die die Wehmut und Schwermut verdr\u00e4ngen.<br>Und wieder und wieder &#8211;<br>\u00a0\u00a0\u00a0\u00a0\u00a0\u00a0\u00a0\u00a0\u00a0\u00a0\u00a0\u00a0 versinnbildlicht \u2013 flimmern<br>am herbstgrauen Himmel<br>\u00a0\u00a0\u00a0\u00a0\u00a0\u00a0\u00a0\u00a0\u00a0\u00a0\u00a0\u00a0\u00a0\u00a0\u00a0\u00a0 als gl\u00fchende P\u00fcnktchen,<br>als winzige Sterne,<br>\u00a0\u00a0\u00a0\u00a0\u00a0\u00a0\u00a0\u00a0\u00a0\u00a0\u00a0\u00a0\u00a0\u00a0 als zirpendes Schweigen &#8211;<br>und wenn auch in mystischer Ferne &#8211;<br>\u00a0\u00a0\u00a0\u00a0\u00a0\u00a0\u00a0\u00a0 die kurzen bezaubernden Stunden<br>des unbegreiflichen, ewigen Wunders &#8211;<br>\u00a0\u00a0\u00a0\u00a0\u00a0\u00a0\u00a0\u00a0\u00a0\u00a0\u00a0\u00a0\u00a0\u00a0\u00a0\u00a0\u00a0\u00a0\u00a0\u00a0\u00a0\u00a0\u00a0\u00a0\u00a0\u00a0\u00a0\u00a0\u00a0\u00a0\u00a0\u00a0\u00a0 LEBEN:<br>Wieviel Stege<br>\u00a0\u00a0\u00a0\u00a0\u00a0\u00a0\u00a0\u00a0\u00a0\u00a0\u00a0\u00a0\u00a0 des launischen Gl\u00fccks,<br>\u00a0\u00a0\u00a0\u00a0\u00a0 wieviel Wege<br>\u00a0\u00a0\u00a0\u00a0\u00a0\u00a0\u00a0\u00a0\u00a0\u00a0\u00a0\u00a0\u00a0\u00a0\u00a0\u00a0 der menschlichen Liebe,<br>wieviel Stra\u00dfen<br>\u00a0\u00a0\u00a0\u00a0\u00a0\u00a0 ergreifender, strahlender Freude,<br>wieviel Pfade<br>\u00a0\u00a0\u00a0\u00a0\u00a0 verzweifelter, heimlicher Tr\u00fcbe!..<br>Ein unverg\u00e4nglicher, g\u00f6ttlicher Segen,<br>\u00a0\u00a0 den die Mutter Erde bem\u00fcht immer ist,<br>\u00a0\u00a0\u00a0\u00a0\u00a0\u00a0 den Menschen umsonst zu vergeben!<\/p>\n\n\n\n<p>\u00a0\u00a0\u00a0\u00a0\u00a0\u00a0\u00a0\u00a0\u00a0\u00a0\u00a0\u00a0\u00a0 * * *<br>Und du wei\u00dft,<br>\u00a0\u00a0\u00a0\u00a0\u00a0\u00a0\u00a0\u00a0\u00a0\u00a0\u00a0\u00a0\u00a0\u00a0 o du wei\u00dft ja, mein Herz,<br>wieviel Leid,<br>\u00a0\u00a0\u00a0\u00a0\u00a0\u00a0\u00a0\u00a0\u00a0\u00a0\u00a0 wieviel Schmerz<br>\u00a0\u00a0\u00a0\u00a0\u00a0\u00a0\u00a0\u00a0\u00a0\u00a0\u00a0\u00a0\u00a0\u00a0 es noch gibt in der Welt.<br>Also spanne dich ein,<br>wenn auch manchmal<br>\u00a0\u00a0\u00a0\u00a0\u00a0\u00a0\u00a0\u00a0\u00a0\u00a0\u00a0\u00a0\u00a0\u00a0\u00a0\u00a0 den Veitstanz du tanzt,<br>und ackre und pfl\u00fcge! Bes\u00e4e dein Feld<br>\u00a0\u00a0\u00a0\u00a0\u00a0\u00a0\u00a0\u00a0\u00a0\u00a0\u00a0\u00a0\u00a0\u00a0\u00a0\u00a0 auf dem schartigen Grat<br>der Widerspr\u00fcche im menschlichen Sein<br>\u00a0\u00a0\u00a0 mit knospenden Blumen der Eintracht,<br>mit Nelken und Rosen des Friedens!<br>\u00a0\u00a0\u00a0\u00a0\u00a0\u00a0\u00a0\u00a0\u00a0\u00a0\u00a0\u00a0 Und all dein inneres Feuer,<br>deine Leidenschaft,<br>\u00a0\u00a0\u00a0\u00a0\u00a0\u00a0\u00a0\u00a0\u00a0\u00a0\u00a0\u00a0\u00a0\u00a0\u00a0\u00a0\u00a0\u00a0 deine geistige Kraft,<br>die dir noch geblieben,<br>\u00a0\u00a0\u00a0\u00a0\u00a0\u00a0\u00a0 setz ein und verbrauche sie ganz<br>und beweise mit Wort und Tat,<br>\u00a0\u00a0\u00a0\u00a0\u00a0\u00a0\u00a0\u00a0\u00a0\u00a0\u00a0 mit deiner bescheidenen Saat<br>deine innere Haltung,<br>\u00a0\u00a0\u00a0\u00a0\u00a0\u00a0\u00a0\u00a0\u00a0\u00a0\u00a0\u00a0\u00a0\u00a0\u00a0\u00a0\u00a0\u00a0\u00a0 deine Menschenliebe!<\/p>\n\n\n\n<p>1986<\/p>\n","protected":false},"excerpt":{"rendered":"<p>Erwartung und Reminiszenz &#8211;&nbsp;&nbsp;&nbsp;&nbsp;&nbsp; &nbsp;&nbsp;&nbsp;&nbsp;&nbsp;&nbsp;&nbsp;&nbsp;&nbsp;&nbsp;&nbsp;&nbsp;&nbsp;die beiden zusammen &#8211;sind ein wahres Geschenk.&nbsp;&nbsp;&nbsp;&nbsp;&nbsp;&nbsp;&nbsp;&nbsp;&nbsp;&nbsp;&nbsp;&nbsp;&nbsp;&nbsp;&nbsp;&nbsp;&nbsp;&nbsp;&nbsp;&nbsp;&nbsp;&nbsp;&nbsp;&nbsp;&nbsp; Sie entflammendie besten Gef\u00fchle.&nbsp;&nbsp;&nbsp;&nbsp;&nbsp;&nbsp;&nbsp;&nbsp;&nbsp;&nbsp;&nbsp;&nbsp;&nbsp; Und nicht nur im Fr\u00fchling.Auch im Herbst sie den Glauben beh\u00fcten.Und klopfen sie an,&nbsp;&nbsp;&nbsp;&nbsp;&nbsp;&nbsp;&nbsp;&nbsp;&nbsp;&nbsp;&nbsp; so la\u00df, o so la\u00df sie herein,meine Seele, ins Heim&nbsp;&nbsp;&nbsp;&nbsp;&nbsp;&nbsp;&nbsp;&nbsp;&nbsp;&nbsp;&nbsp;&nbsp;&nbsp; deiner Sommernachtstr\u00e4ume,da\u00df dein Mut und dein Lebensgef\u00fchl&nbsp;&nbsp;&nbsp;&nbsp;&nbsp;&nbsp;&nbsp;&nbsp;&nbsp;&nbsp;&nbsp;&nbsp;&nbsp;&nbsp;&nbsp;&nbsp;&nbsp;&nbsp;&nbsp;&nbsp;&nbsp; nicht versteinern. \u00a0\u00a0\u00a0\u00a0\u00a0\u00a0\u00a0\u00a0\u00a0\u00a0\u00a0\u00a0\u00a0 * * *Die gedanklichen Weiten\u00a0\u00a0\u00a0\u00a0\u00a0\u00a0\u00a0\u00a0\u00a0\u00a0 erfassen &hellip; <\/p>\n<p class=\"link-more\"><a href=\"https:\/\/arnhold.eu\/?p=695\" class=\"more-link\"><span class=\"screen-reader-text\">\u201eErwartung und Reminiszenz\u201c <\/span>weiterlesen<\/a><\/p>\n","protected":false},"author":2,"featured_media":0,"comment_status":"closed","ping_status":"closed","sticky":false,"template":"","format":"standard","meta":{"footnotes":""},"categories":[1],"tags":[],"class_list":["post-695","post","type-post","status-publish","format-standard","hentry","category-uncategorized"],"_links":{"self":[{"href":"https:\/\/arnhold.eu\/index.php?rest_route=\/wp\/v2\/posts\/695","targetHints":{"allow":["GET"]}}],"collection":[{"href":"https:\/\/arnhold.eu\/index.php?rest_route=\/wp\/v2\/posts"}],"about":[{"href":"https:\/\/arnhold.eu\/index.php?rest_route=\/wp\/v2\/types\/post"}],"author":[{"embeddable":true,"href":"https:\/\/arnhold.eu\/index.php?rest_route=\/wp\/v2\/users\/2"}],"replies":[{"embeddable":true,"href":"https:\/\/arnhold.eu\/index.php?rest_route=%2Fwp%2Fv2%2Fcomments&post=695"}],"version-history":[{"count":1,"href":"https:\/\/arnhold.eu\/index.php?rest_route=\/wp\/v2\/posts\/695\/revisions"}],"predecessor-version":[{"id":696,"href":"https:\/\/arnhold.eu\/index.php?rest_route=\/wp\/v2\/posts\/695\/revisions\/696"}],"wp:attachment":[{"href":"https:\/\/arnhold.eu\/index.php?rest_route=%2Fwp%2Fv2%2Fmedia&parent=695"}],"wp:term":[{"taxonomy":"category","embeddable":true,"href":"https:\/\/arnhold.eu\/index.php?rest_route=%2Fwp%2Fv2%2Fcategories&post=695"},{"taxonomy":"post_tag","embeddable":true,"href":"https:\/\/arnhold.eu\/index.php?rest_route=%2Fwp%2Fv2%2Ftags&post=695"}],"curies":[{"name":"wp","href":"https:\/\/api.w.org\/{rel}","templated":true}]}}