{"id":685,"date":"2020-05-10T18:43:19","date_gmt":"2020-05-10T18:43:19","guid":{"rendered":"http:\/\/hermann.arnhold.eu\/?p=685"},"modified":"2020-05-10T18:43:19","modified_gmt":"2020-05-10T18:43:19","slug":"die-erde-behueten","status":"publish","type":"post","link":"https:\/\/arnhold.eu\/?p=685","title":{"rendered":"Die Erde beh\u00fcten!"},"content":{"rendered":"\n<p>Ich zweifle wie immer,<br>ob nicht zu d\u00fcnn meine Stimme.<br>Ein Loblied m\u00f6chte ich singen &#8211;<br>auf Erde und Sonne und Himmel&#8230;<\/p>\n\n\n\n<p>Vor deiner Bl\u00e4ue<br>verneige ich mich,<br>o Himmel!<br>Vor deiner Treue<br>verbeuge ich mich,<br>o Erde!<br>&nbsp;Vor deiner M\u00fche<br>knie<br>&nbsp;&nbsp;&nbsp;&nbsp; ich nieder,<br>o Sonne!<\/p>\n\n\n\n<p>Dir, o friedlicher Himmel,<br>der du uns beschirmst<br>mit deiner ozonreicher Luft,<br>mit deinen goldenen Sternen,<br>mit deinem rosigen Morgenduft,<br>mit deinen lockenden Fernen,<br>mit Wolken, Gewitter und Regen,<br>der rieselt zu unserem Segen;<\/p>\n\n\n\n<p>und dir, o g\u00fctige Erde,<br>mit deinen Bergen und T\u00e4lern,<br>mit deinen W\u00e4ldern und Feldern,<br>die z\u00e4rtlich umf\u00e4chelt vom Wind,<br>mit deinen bl\u00fchenden Wiesen<br>in allen erdenklichen Farben,<br>mit Pflanzen und V\u00f6geln<br>&nbsp;&nbsp;&nbsp;&nbsp;&nbsp;&nbsp;&nbsp;&nbsp;&nbsp;&nbsp;&nbsp;&nbsp;&nbsp;&nbsp;&nbsp;&nbsp;&nbsp;&nbsp;&nbsp;&nbsp; und Tieren,<br>mit Fl\u00fcssen und Seen und Meeren,<br>die alle &#8211; uns alle ern\u00e4hren;<\/p>\n\n\n\n<p>und dir, allm\u00e4chtige Sonne,<br>die du t\u00e4glich dort oben<br>\u00fcber dem himmlischen Bogen<br>urewig so heiter gestimmt,<br>dir, mit deinen so warmen<br>und lebensbejahenden Liebe,<br>mit deiner f\u00fcr uns unikalen<br>und grenzenlosen G\u00fcte &#8211;<\/p>\n\n\n\n<p>EUCH, die ihr hehr und erhaben,<br>haben wir es zu verdanken,<br>da\u00df so lange wir waren<br>und heute, auch heute noch sind!<\/p>\n\n\n\n<p>***<br>Doch gibt es, o Menschen,<br>so manche gefahrvolle Aber.<br>Wir packen uns selber<br>\u00a0\u00a0\u00a0\u00a0\u00a0\u00a0\u00a0\u00a0\u00a0\u00a0\u00a0\u00a0\u00a0\u00a0\u00a0\u00a0\u00a0\u00a0\u00a0\u00a0 beim Kragen,<br>um uns h\u00fcftlahm zu schlagen:<br>Viele Tiere brauchen nichts mehr,<br>viele W\u00e4lder rauschen nicht mehr,<br>ganze W\u00fcsten, die \u00f6de und leer,<br>viele Tempel des ewigen Ruhmes<br>sind f\u00fcr immer zerst\u00f6rt.<\/p>\n\n\n\n<p>Und statt ihr zu helfen &#8211;<br>der zerbrechlichen Erde,<br>erw\u00fcrgen wir selber<br>so manchmal stupide und stur<br>so manche Erschaffung<br>der g\u00fctigen Mutter Natur.<br>Und unser Gewissen?<br>Wer meint, da\u00df er rein?<br>Wir verw\u00fcsten beflissen<br>so oft unser eigenes Heim&#8230;<\/p>\n\n\n\n<p>Die Wunden der Erde,<br>die der Mensch ihr geschlagen, &#8211;<br>sie w\u00e4ren gewi\u00df noch zu heilen.<br>Wenn wir Menschen<br>endlich es lernen und wagen,<br>auf neue Weise &#8211;<br>zu unserem Wohle! &#8211; zu denken<br>&nbsp;&nbsp; und vern\u00fcnftig zu handeln,<br>statt gegeneinander<br>zu rasen,<br>&nbsp;&nbsp;&nbsp;&nbsp;&nbsp;&nbsp;&nbsp;&nbsp;&nbsp; zu toben,<br>&nbsp;&nbsp;&nbsp;&nbsp;&nbsp;&nbsp;&nbsp;&nbsp;&nbsp;&nbsp;&nbsp;&nbsp;&nbsp;&nbsp;&nbsp;&nbsp;&nbsp;&nbsp;&nbsp; zu w\u00fcten.<br>Wenn wir als Erdenkinder<br>&nbsp;&nbsp;&nbsp; in Eintracht und Frieden<br>unser Heim &#8211; die Erde &#8211; beh\u00fcten.<\/p>\n\n\n\n<p>Denn: Das gef\u00e4hrlichste Aber<br>sind die gro\u00dfen Atomwaffenlager,<br>die uns und unsere Erde<br>wie nie in der ganzen Geschichte<br>katastrophal gef\u00e4hrden&#8230;<br>So ist es damit heut bestellt.<br>Ein Atomkrieg &#8211; w\u00fcrde alles<br>und alles auf Erden vernichten.<br>Und seine Apokalypse<br>w\u00e4re das Ende der Welt&#8230;<\/p>\n\n\n\n<p>***<br>Soweit meine \u00e4ngstliche Stimme.<br>Doch im Bunde &#8211; zusammen! &#8211;<br>k\u00f6nnen wir Menschen<br>mit unserer Friedensstafette<br>vor den t\u00f6dlichen Flammen<br>die Erde, die sch\u00f6ne, erretten<br>und den Frieden erzwingen.<\/p>\n\n\n\n<p>1987<\/p>\n","protected":false},"excerpt":{"rendered":"<p>Ich zweifle wie immer,ob nicht zu d\u00fcnn meine Stimme.Ein Loblied m\u00f6chte ich singen &#8211;auf Erde und Sonne und Himmel&#8230; Vor deiner Bl\u00e4ueverneige ich mich,o Himmel!Vor deiner Treueverbeuge ich mich,o Erde!&nbsp;Vor deiner M\u00fcheknie&nbsp;&nbsp;&nbsp;&nbsp; ich nieder,o Sonne! Dir, o friedlicher Himmel,der du uns beschirmstmit deiner ozonreicher Luft,mit deinen goldenen Sternen,mit deinem rosigen Morgenduft,mit deinen lockenden Fernen,mit Wolken, &hellip; <\/p>\n<p class=\"link-more\"><a href=\"https:\/\/arnhold.eu\/?p=685\" class=\"more-link\"><span class=\"screen-reader-text\">\u201eDie Erde beh\u00fcten!\u201c <\/span>weiterlesen<\/a><\/p>\n","protected":false},"author":2,"featured_media":0,"comment_status":"closed","ping_status":"closed","sticky":false,"template":"","format":"standard","meta":{"footnotes":""},"categories":[1],"tags":[],"class_list":["post-685","post","type-post","status-publish","format-standard","hentry","category-uncategorized"],"_links":{"self":[{"href":"https:\/\/arnhold.eu\/index.php?rest_route=\/wp\/v2\/posts\/685","targetHints":{"allow":["GET"]}}],"collection":[{"href":"https:\/\/arnhold.eu\/index.php?rest_route=\/wp\/v2\/posts"}],"about":[{"href":"https:\/\/arnhold.eu\/index.php?rest_route=\/wp\/v2\/types\/post"}],"author":[{"embeddable":true,"href":"https:\/\/arnhold.eu\/index.php?rest_route=\/wp\/v2\/users\/2"}],"replies":[{"embeddable":true,"href":"https:\/\/arnhold.eu\/index.php?rest_route=%2Fwp%2Fv2%2Fcomments&post=685"}],"version-history":[{"count":1,"href":"https:\/\/arnhold.eu\/index.php?rest_route=\/wp\/v2\/posts\/685\/revisions"}],"predecessor-version":[{"id":686,"href":"https:\/\/arnhold.eu\/index.php?rest_route=\/wp\/v2\/posts\/685\/revisions\/686"}],"wp:attachment":[{"href":"https:\/\/arnhold.eu\/index.php?rest_route=%2Fwp%2Fv2%2Fmedia&parent=685"}],"wp:term":[{"taxonomy":"category","embeddable":true,"href":"https:\/\/arnhold.eu\/index.php?rest_route=%2Fwp%2Fv2%2Fcategories&post=685"},{"taxonomy":"post_tag","embeddable":true,"href":"https:\/\/arnhold.eu\/index.php?rest_route=%2Fwp%2Fv2%2Ftags&post=685"}],"curies":[{"name":"wp","href":"https:\/\/api.w.org\/{rel}","templated":true}]}}