{"id":679,"date":"2020-05-10T17:54:41","date_gmt":"2020-05-10T17:54:41","guid":{"rendered":"http:\/\/hermann.arnhold.eu\/?p=679"},"modified":"2020-05-10T17:54:41","modified_gmt":"2020-05-10T17:54:41","slug":"friede-den-voelkern","status":"publish","type":"post","link":"https:\/\/arnhold.eu\/?p=679","title":{"rendered":"Friede den V\u00f6lkern!"},"content":{"rendered":"\n<p>All den Gefallenen, all den Verschollenen,<br>all den Verschleppten, all den Versehrten<br>all den Heroen, die mit oder ohne Medaillen<br>den so schwer errungenen ruhmreichen Sieg<br>im Mai F\u00dcNFUNDVIERZIG, einander umarmend,<br>ungehemmt jubelnd und trauernd erlebten,<br>widme ich heute mein Lied voller Klage:<br>Friede den V\u00f6lkern! Und nie wieder Krieg!<\/p>\n\n\n\n<p>Barh\u00e4uptig steht die Erinnrung am Grabe<br>der bekannten und unbekannten Soldaten<br>und derer, die sp\u00e4ter den Wunden erlagen,<br>Euch leise beweinend und weinend Euch dankend,<br>da\u00df heute die Saaten des Friedens noch gr\u00fcnen.<br>Und wir, Eure Br\u00fcder und Schwestern und Kinder,<br>f\u00fcr die Ihr Euch, ohne im Kampf zu wanken,<br>geopfert in zahllosen blutigen Schlachten, &#8211;<br>und wir, in Andacht, in stille, versunken,<br>Euch, die Erretter, im Ged\u00e4chtnis bewahrend,<br>knien bittend, beschw\u00f6rend und inst\u00e4ndig nieder<br>am Chor des Gewissens, am Altar der Vernunft:<br>Friede den V\u00f6lkern! Und nie wieder Krieg!<\/p>\n\n\n\n<p>Auch denen, die im Hinterland aufrecht gestanden<br>und schmieden geholfen den Sieg voll Entbehrung &#8211;<br>den Frauen und Kindern und Kranken und Kr\u00fcppeln<br>und Greisen, ausgemergelt von Hunger und Not,<br>und jenen, auf die man sich wenig verlie\u00df,<br>zollt Dank mit entbl\u00f6\u00dftem Haupte die Heimat&#8230;<br>Die Zeit lotet aus alle Tiefen des Krieges:<br>Auch gemeiner Verrat hat sich damals entpuppt:<br>Ausschlag und Aussatz hat es noch immer gegeben.<br>Doch das Volk blieb geeint. Drum hat es gesiegt.<br>Um so m\u00e4chtiger klingt seine warnende Stimme:<br>Friede den V\u00f6lkern! Und nie wieder Krieg!<\/p>\n\n\n\n<p>1987<\/p>\n","protected":false},"excerpt":{"rendered":"<p>All den Gefallenen, all den Verschollenen,all den Verschleppten, all den Versehrtenall den Heroen, die mit oder ohne Medaillenden so schwer errungenen ruhmreichen Siegim Mai F\u00dcNFUNDVIERZIG, einander umarmend,ungehemmt jubelnd und trauernd erlebten,widme ich heute mein Lied voller Klage:Friede den V\u00f6lkern! Und nie wieder Krieg! Barh\u00e4uptig steht die Erinnrung am Grabeder bekannten und unbekannten Soldatenund derer, die &hellip; <\/p>\n<p class=\"link-more\"><a href=\"https:\/\/arnhold.eu\/?p=679\" class=\"more-link\"><span class=\"screen-reader-text\">\u201eFriede den V\u00f6lkern!\u201c <\/span>weiterlesen<\/a><\/p>\n","protected":false},"author":2,"featured_media":0,"comment_status":"closed","ping_status":"closed","sticky":false,"template":"","format":"standard","meta":{"footnotes":""},"categories":[1],"tags":[],"class_list":["post-679","post","type-post","status-publish","format-standard","hentry","category-uncategorized"],"_links":{"self":[{"href":"https:\/\/arnhold.eu\/index.php?rest_route=\/wp\/v2\/posts\/679","targetHints":{"allow":["GET"]}}],"collection":[{"href":"https:\/\/arnhold.eu\/index.php?rest_route=\/wp\/v2\/posts"}],"about":[{"href":"https:\/\/arnhold.eu\/index.php?rest_route=\/wp\/v2\/types\/post"}],"author":[{"embeddable":true,"href":"https:\/\/arnhold.eu\/index.php?rest_route=\/wp\/v2\/users\/2"}],"replies":[{"embeddable":true,"href":"https:\/\/arnhold.eu\/index.php?rest_route=%2Fwp%2Fv2%2Fcomments&post=679"}],"version-history":[{"count":1,"href":"https:\/\/arnhold.eu\/index.php?rest_route=\/wp\/v2\/posts\/679\/revisions"}],"predecessor-version":[{"id":680,"href":"https:\/\/arnhold.eu\/index.php?rest_route=\/wp\/v2\/posts\/679\/revisions\/680"}],"wp:attachment":[{"href":"https:\/\/arnhold.eu\/index.php?rest_route=%2Fwp%2Fv2%2Fmedia&parent=679"}],"wp:term":[{"taxonomy":"category","embeddable":true,"href":"https:\/\/arnhold.eu\/index.php?rest_route=%2Fwp%2Fv2%2Fcategories&post=679"},{"taxonomy":"post_tag","embeddable":true,"href":"https:\/\/arnhold.eu\/index.php?rest_route=%2Fwp%2Fv2%2Ftags&post=679"}],"curies":[{"name":"wp","href":"https:\/\/api.w.org\/{rel}","templated":true}]}}