{"id":595,"date":"2020-05-09T17:14:58","date_gmt":"2020-05-09T17:14:58","guid":{"rendered":"http:\/\/hermann.arnhold.eu\/?p=595"},"modified":"2020-05-09T17:14:58","modified_gmt":"2020-05-09T17:14:58","slug":"winterlaunen","status":"publish","type":"post","link":"https:\/\/arnhold.eu\/?p=595","title":{"rendered":"Winterlaunen"},"content":{"rendered":"\n<p>Die B\u00e4ume stehen schon entlaubt.<br>Allein ein gr\u00fcnes Bl\u00e4ttchen bebt<br>an einem kahlen Ast und glaubt,<br>es habe gl\u00fccklich \u00fcberlebt<br>die letzte Bl\u00e4tterkatastrophe,<br>und hofft, da\u00df nach der Winterzeit<br>es dann als erster Fr\u00fchlingsbote<br>die Welt mit seinem Gr\u00fcn erfreut&#8230;<\/p>\n\n\n\n<p>\u00a0\u00a0\u00a0\u00a0\u00a0\u00a0\u00a0\u00a0\u00a0\u00a0\u00a0\u00a0 ***<br>Ein leiser Windhauch kommt und rei\u00dft<br>auch dieses Blatt von seinem Zweig.<br>Und taumelnd sinkt es langsam nieder<br>und zittert noch an allen Gliedern,<br>nimmt Abschied von dem gr\u00fcnen Traum.<br>Dann liegt es stumm am Waldessaum.<br>Es hat geharrt, gehofft, getr\u00e4umt<br>und nie die bunte Welt verneint&#8230;<\/p>\n\n\n\n<p>\u00a0\u00a0\u00a0\u00a0\u00a0\u00a0\u00a0\u00a0\u00a0\u00a0\u00a0\u00a0 ***<br>Wie tr\u00fcbe w\u00e4r&#8216; mein Weg,<br>\u00a0\u00a0\u00a0\u00a0\u00a0\u00a0 wenn ich nicht hoffen w\u00fcrde.<br>Ich grolle nicht.<br>\u00a0\u00a0\u00a0\u00a0\u00a0\u00a0\u00a0\u00a0\u00a0\u00a0\u00a0\u00a0 Und trage meine B\u00fcrde,<br>die ich mir selber auferlegt.<br>\u00a0\u00a0\u00a0\u00a0\u00a0\u00a0\u00a0\u00a0\u00a0\u00a0\u00a0\u00a0\u00a0\u00a0 Und jede Jahreszeit,<br>die jeweils waltet, &#8211;<br>\u00a0\u00a0\u00a0\u00a0 sie bringt mir Freud und Leid.<br>Und jedes Alter &#8211;<br>\u00a0\u00a0\u00a0 ach, es wei\u00df, es wei\u00df,<br>\u00a0\u00a0\u00a0\u00a0\u00a0\u00a0\u00a0\u00a0\u00a0\u00a0\u00a0\u00a0\u00a0\u00a0 was Sonnenlicht<br>\u00a0\u00a0\u00a0\u00a0\u00a0\u00a0\u00a0\u00a0\u00a0\u00a0\u00a0\u00a0\u00a0\u00a0\u00a0\u00a0\u00a0\u00a0\u00a0\u00a0 und Dunkelheit<br>in seinem Vorwortseilen hei\u00dft.<br>Ob Fr\u00fchling oder Herbst,<br>\u00a0\u00a0\u00a0\u00a0\u00a0\u00a0\u00a0\u00a0\u00a0\u00a0\u00a0\u00a0 ob Sommer oder Winter.<\/p>\n\n\n\n<p>\u00a0\u00a0\u00a0\u00a0\u00a0\u00a0\u00a0\u00a0\u00a0\u00a0\u00a0\u00a0\u00a0 ***<br>Und jede Jahreszeit<br>\u00a0\u00a0\u00a0\u00a0\u00a0\u00a0\u00a0\u00a0\u00a0\u00a0\u00a0\u00a0\u00a0\u00a0\u00a0\u00a0 ist mein und dein.<br>Aus ihren klaren Quellen<br>\u00a0\u00a0\u00a0\u00a0\u00a0\u00a0\u00a0\u00a0\u00a0\u00a0 sch\u00f6pfen wir und trinken<br>so oft den Lebenssaft<br>\u00a0\u00a0\u00a0\u00a0\u00a0\u00a0\u00a0\u00a0\u00a0\u00a0\u00a0\u00a0\u00a0\u00a0\u00a0\u00a0\u00a0 der Br\u00fcderschaft,<br>so oft den herben Wermutwein<br>\u00a0\u00a0\u00a0\u00a0\u00a0\u00a0\u00a0\u00a0\u00a0\u00a0\u00a0\u00a0\u00a0\u00a0\u00a0\u00a0\u00a0\u00a0\u00a0 der Zuversicht.<\/p>\n\n\n\n<p>\u00a0\u00a0\u00a0\u00a0\u00a0\u00a0\u00a0\u00a0\u00a0\u00a0\u00a0\u00a0\u00a0 ***<br>Und jeder, jeder geht<br>\u00a0\u00a0\u00a0\u00a0\u00a0\u00a0\u00a0\u00a0\u00a0\u00a0\u00a0 (gewi\u00df, auf seine Art!)<br>den gleichen Weg &#8211;<br>\u00a0\u00a0\u00a0\u00a0\u00a0\u00a0\u00a0\u00a0\u00a0 vom Morgen bis zum Abend.<br>Und jeden hellen Tag,<br>\u00a0\u00a0\u00a0\u00a0\u00a0\u00a0\u00a0\u00a0\u00a0\u00a0\u00a0\u00a0\u00a0\u00a0\u00a0\u00a0\u00a0\u00a0 der uns erfreut,<br>und jede lichte Stunde,<br>\u00a0\u00a0\u00a0 die lange im Ged\u00e4chtnis bleibt,<br>und jenen warmen Blick,<br>\u00a0\u00a0\u00a0\u00a0\u00a0\u00a0\u00a0 der gestern dich gestreift,<br>und jene Dankbarkeit,<br>\u00a0\u00a0\u00a0\u00a0\u00a0\u00a0\u00a0\u00a0\u00a0\u00a0\u00a0 die heute du empfunden,<br>und jede milde Gegengabe<br>verdanken wir dem Sonnenschein<br>der wahren Menschlichkeit<br>\u00a0\u00a0\u00a0\u00a0\u00a0\u00a0\u00a0\u00a0\u00a0\u00a0\u00a0\u00a0\u00a0\u00a0\u00a0\u00a0\u00a0 der Gutgesinnten,<br>der schlichten, edlen W\u00fcrde<br>\u00a0\u00a0\u00a0\u00a0\u00a0\u00a0\u00a0\u00a0\u00a0\u00a0\u00a0\u00a0\u00a0 jener Menschenherzen,<br>die trotz der eignen Schmerzen &#8211;<br>f\u00fcr uns! &#8211; im Gleichtakt schlagen.<\/p>\n\n\n\n<p>\u00a0\u00a0\u00a0\u00a0\u00a0\u00a0\u00a0\u00a0\u00a0\u00a0\u00a0\u00a0\u00a0\u00a0 ***<br>Ob gr\u00fcn das Birkenlaub,<br>\u00a0\u00a0\u00a0\u00a0\u00a0\u00a0\u00a0\u00a0\u00a0\u00a0\u00a0\u00a0\u00a0\u00a0\u00a0\u00a0\u00a0 ob welk und gelb,<br>ob St\u00fcrme durch die Steppen jagen,<br>ob schneeverweht die halbe Welt &#8211;<br>mein Herz ist nimmer mi\u00dfgestimmt,<br>\u00a0\u00a0\u00a0\u00a0\u00a0\u00a0\u00a0\u00a0\u00a0\u00a0 weil es seit je vertraut der<br>Widerspr\u00fcchlichkeit<br>der Sommers- und der Winterszeit&#8230;<br>Das Gestern und das Heute,<br>\u00a0\u00a0\u00a0\u00a0\u00a0\u00a0\u00a0\u00a0\u00a0 das hoffnungsvolle Morgen<br>der bunten Jahreszeiten<br>\u00a0\u00a0\u00a0\u00a0\u00a0\u00a0\u00a0\u00a0\u00a0\u00a0\u00a0\u00a0 und ihre reichen Gaben<br>sind unser aller Lebensquell,<br>den zu erhalten wir und zu beh\u00fcten<br>\u00a0\u00a0\u00a0\u00a0\u00a0\u00a0\u00a0\u00a0\u00a0\u00a0\u00a0 nur dann imstande sind,<br>wenn f\u00fcr den Frieden<br>\u00a0\u00a0\u00a0\u00a0\u00a0\u00a0\u00a0\u00a0\u00a0\u00a0\u00a0\u00a0 hier auf Erden<br>\u00a0\u00a0\u00a0\u00a0\u00a0\u00a0\u00a0\u00a0\u00a0\u00a0\u00a0\u00a0\u00a0\u00a0\u00a0 wir t\u00e4glich sorgen.<\/p>\n\n\n\n<p>\u00a0\u00a0\u00a0\u00a0\u00a0 \u00a0\u00a0\u00a0\u00a0\u00a0\u00a0\u00a0\u00a0\u00a0\u00a0***<br>Novembernordwestwind.<br>\u00a0\u00a0\u00a0\u00a0\u00a0\u00a0\u00a0\u00a0\u00a0\u00a0\u00a0\u00a0\u00a0\u00a0\u00a0\u00a0\u00a0 Er weht und weht.<br>Und auf dem Kopf der Himmel steht.<br>Und neunundneunzig Wolken<br>\u00a0\u00a0\u00a0\u00a0\u00a0\u00a0\u00a0\u00a0\u00a0\u00a0\u00a0\u00a0\u00a0\u00a0\u00a0\u00a0 l\u00e4cheln gl\u00fccklich,<br>die grauen Augen<br>\u00a0\u00a0\u00a0\u00a0\u00a0\u00a0\u00a0\u00a0\u00a0\u00a0\u00a0\u00a0\u00a0 voller Freudentr\u00e4nen:<\/p>\n\n\n\n<p>Kein Abschied! Frohes Wiedersehn!<br>Und weiche Flocken<br>\u00a0\u00a0\u00a0\u00a0\u00a0\u00a0\u00a0\u00a0\u00a0\u00a0\u00a0\u00a0\u00a0\u00a0 eilen zuversichtlich<br>auf die Fluren nieder<br>\u00a0\u00a0\u00a0\u00a0\u00a0\u00a0\u00a0\u00a0\u00a0\u00a0\u00a0\u00a0\u00a0\u00a0\u00a0\u00a0\u00a0 wie Chrysanthemen<br>\u00a0\u00a0 strahlig, bl\u00fctenwei\u00df und -sch\u00f6n:<br>\u00a0O Zauberwelt im wei\u00dfen Kleid!..<br>Der junge Winter singt<br>\u00a0 da eines seiner sch\u00f6nsten Lieder.<br>Und meine Seele trinkt<br>nun einen Schluck Begeisterung<br>\u00a0\u00a0\u00a0 voll Andacht und Ergriffenheit.<\/p>\n\n\n\n<p>\u00a0\u00a0\u00a0\u00a0\u00a0\u00a0\u00a0\u00a0\u00a0\u00a0\u00a0\u00a0\u00a0 ***<br>Der Winter dankt mit tiefem Schnee<br>der m\u00fcden Erde f\u00fcr die M\u00fche.<br>Er wiegt sie ein, er deckt sie zu:<br>&#8222;Tr\u00e4um deinen Traum in tiefer Ruh,<br>damit zur sch\u00f6nen Fr\u00fchlingszeit<br>dann deine Fluren weit und breit &#8211;<br>wie eh und je! &#8211;<br>\u00a0\u00a0\u00a0\u00a0\u00a0\u00a0\u00a0\u00a0\u00a0\u00a0\u00a0 ergr\u00fcnen und erbl\u00fchen'&#8220;<\/p>\n\n\n\n<p>\u00a0\u00a0\u00a0\u00a0\u00a0\u00a0\u00a0\u00a0\u00a0\u00a0\u00a0\u00a0 ***<br>Ein nimmer endendes<br>Entstehen-und-Verwehen,<br>ein Bl\u00fchen-und-Verwelken,<br>ein Helfen-und-Vergelten,<br>ein Immer-wieder-Kommen,<br>ein Immer-neues-Werden,<br>ein ewig junges Sein<br>auf der ber\u00fcckend sch\u00f6nen<br>und leidgepr\u00fcften Erde,<br>solang die goldne Sonne<br>so warm und innig scheint.<\/p>\n\n\n\n<p>\u00a0\u00a0\u00a0\u00a0\u00a0\u00a0\u00a0\u00a0\u00a0\u00a0\u00a0\u00a0 ***<br>Lerne, Menschenseele, zu bestaunen die<br>Sch\u00f6nheit und Erhabenheit<br>\u00a0\u00a0\u00a0\u00a0\u00a0\u00a0\u00a0\u00a0 der Welt zu jeder Jahreszeit:<br>So zieh den Hut &#8211; es gr\u00fc\u00dfen dich<br>der wei\u00dfe Schnee, das Sternenlicht,<br>\u00a0\u00a0\u00a0\u00a0\u00a0\u00a0 der Fr\u00f6ste heller Widerhall.<\/p>\n\n\n\n<p>\u00a0\u00a0\u00a0\u00a0\u00a0\u00a0\u00a0\u00a0\u00a0\u00a0\u00a0\u00a0 ***<br>Und bilde dir nicht ein,<br>ein \u00dcbermensch, ein Gott zu sein,<br>das Recht zu haben, \u00fcberall<br>\u00a0\u00a0\u00a0\u00a0\u00a0\u00a0\u00a0\u00a0 zu schalten und zu walten,<br>heraus aus deinen Launen<br>\u00a0\u00a0\u00a0\u00a0\u00a0\u00a0\u00a0\u00a0\u00a0 das Erdenreich zu formen.<br>Und mach dir lieber Sorgen,<br>um alles Sch\u00f6ne<br>\u00a0\u00a0\u00a0\u00a0\u00a0\u00a0\u00a0\u00a0\u00a0 auf der Erde zu erhalten:<br>\u00a0\u00a0\u00a0\u00a0\u00a0 Statt nehmen &#8211;<br>\u00a0\u00a0\u00a0\u00a0\u00a0\u00a0\u00a0\u00a0\u00a0\u00a0\u00a0\u00a0\u00a0\u00a0\u00a0\u00a0 lieber geben!<br>Vergi\u00df,<br>\u00a0\u00a0\u00a0\u00a0\u00a0\u00a0\u00a0 o Menschenseele, nicht &#8211;<br>\u00a0\u00a0\u00a0\u00a0\u00a0\u00a0\u00a0\u00a0\u00a0\u00a0\u00a0\u00a0\u00a0\u00a0\u00a0\u00a0\u00a0\u00a0 auch du bist nur<br>ein Teilchen der Natur.<\/p>\n\n\n\n<p>\u00a0\u00a0\u00a0\u00a0\u00a0\u00a0\u00a0\u00a0\u00a0\u00a0\u00a0\u00a0\u00a0 ***<br>\u00a0\u00a0\u00a0\u00a0\u00a0\u00a0 Als Mensch,<br>\u00a0\u00a0\u00a0\u00a0\u00a0\u00a0\u00a0\u00a0\u00a0\u00a0\u00a0\u00a0\u00a0 als Homo sapiens<br>erhebe dich zu deiner Gr\u00f6\u00dfe!<br>Und die Gef\u00fchle, den Verstand &#8211;<br>\u00a0\u00a0\u00a0\u00a0\u00a0\u00a0\u00a0\u00a0\u00a0 setzt ein sie immer wieder<br>f\u00fcr Freiheit und Gerechtigkeit<br>zum Wohle deiner Erdenbr\u00fcder,<br>\u00a0\u00a0\u00a0\u00a0\u00a0\u00a0\u00a0\u00a0\u00a0 zum Wohle aller Menschen.<br>Dass rote Nelken bl\u00fchen im Dezember.<br>Und neuschneewei\u00dfe Chrysanthemen.<br>\u00a0\u00a0\u00a0\u00a0\u00a0\u00a0 Und flammenblaue Hyazinthen.<br>Und die g\u00fctige Erde &#8211; sie reicht<br>dir hilfsbereit<br>\u00a0\u00a0\u00a0\u00a0\u00a0\u00a0\u00a0\u00a0\u00a0 zu jeder Jahreszeit<br>\u00a0\u00a0\u00a0\u00a0\u00a0\u00a0\u00a0\u00a0\u00a0\u00a0\u00a0\u00a0\u00a0\u00a0\u00a0\u00a0\u00a0\u00a0\u00a0\u00a0\u00a0\u00a0\u00a0\u00a0 die Hand.<br>Ob Fr\u00fchling oder Herbst,<br>\u00a0\u00a0\u00a0\u00a0\u00a0\u00a0\u00a0\u00a0\u00a0 \u00a0\u00a0ob Sommer oder Winter.<\/p>\n\n\n\n<p>1986<\/p>\n","protected":false},"excerpt":{"rendered":"<p>Die B\u00e4ume stehen schon entlaubt.Allein ein gr\u00fcnes Bl\u00e4ttchen bebtan einem kahlen Ast und glaubt,es habe gl\u00fccklich \u00fcberlebtdie letzte Bl\u00e4tterkatastrophe,und hofft, da\u00df nach der Winterzeites dann als erster Fr\u00fchlingsbotedie Welt mit seinem Gr\u00fcn erfreut&#8230; \u00a0\u00a0\u00a0\u00a0\u00a0\u00a0\u00a0\u00a0\u00a0\u00a0\u00a0\u00a0 ***Ein leiser Windhauch kommt und rei\u00dftauch dieses Blatt von seinem Zweig.Und taumelnd sinkt es langsam niederund zittert noch an allen Gliedern,nimmt &hellip; <\/p>\n<p class=\"link-more\"><a href=\"https:\/\/arnhold.eu\/?p=595\" class=\"more-link\"><span class=\"screen-reader-text\">\u201eWinterlaunen\u201c <\/span>weiterlesen<\/a><\/p>\n","protected":false},"author":2,"featured_media":0,"comment_status":"closed","ping_status":"closed","sticky":false,"template":"","format":"standard","meta":{"footnotes":""},"categories":[1],"tags":[],"class_list":["post-595","post","type-post","status-publish","format-standard","hentry","category-uncategorized"],"_links":{"self":[{"href":"https:\/\/arnhold.eu\/index.php?rest_route=\/wp\/v2\/posts\/595","targetHints":{"allow":["GET"]}}],"collection":[{"href":"https:\/\/arnhold.eu\/index.php?rest_route=\/wp\/v2\/posts"}],"about":[{"href":"https:\/\/arnhold.eu\/index.php?rest_route=\/wp\/v2\/types\/post"}],"author":[{"embeddable":true,"href":"https:\/\/arnhold.eu\/index.php?rest_route=\/wp\/v2\/users\/2"}],"replies":[{"embeddable":true,"href":"https:\/\/arnhold.eu\/index.php?rest_route=%2Fwp%2Fv2%2Fcomments&post=595"}],"version-history":[{"count":1,"href":"https:\/\/arnhold.eu\/index.php?rest_route=\/wp\/v2\/posts\/595\/revisions"}],"predecessor-version":[{"id":596,"href":"https:\/\/arnhold.eu\/index.php?rest_route=\/wp\/v2\/posts\/595\/revisions\/596"}],"wp:attachment":[{"href":"https:\/\/arnhold.eu\/index.php?rest_route=%2Fwp%2Fv2%2Fmedia&parent=595"}],"wp:term":[{"taxonomy":"category","embeddable":true,"href":"https:\/\/arnhold.eu\/index.php?rest_route=%2Fwp%2Fv2%2Fcategories&post=595"},{"taxonomy":"post_tag","embeddable":true,"href":"https:\/\/arnhold.eu\/index.php?rest_route=%2Fwp%2Fv2%2Ftags&post=595"}],"curies":[{"name":"wp","href":"https:\/\/api.w.org\/{rel}","templated":true}]}}