{"id":385,"date":"2020-05-04T09:28:51","date_gmt":"2020-05-04T09:28:51","guid":{"rendered":"http:\/\/hermann.arnhold.eu\/?p=385"},"modified":"2020-05-04T09:28:51","modified_gmt":"2020-05-04T09:28:51","slug":"pfiffig-%d1%81%d0%be%d1%80%d0%be%d0%ba%d0%b0","status":"publish","type":"post","link":"https:\/\/arnhold.eu\/?p=385","title":{"rendered":"Pfiffig \/ \u0421\u043e\u0440\u043e\u043a\u0430"},"content":{"rendered":"\n<p>&#8222;So ein Elend!&#8220; klagt die Elster.<br>&#8222;Gibt es au\u00dfer Schwarz und Wei\u00df<br>keine Farben auf der Erde?&#8220;<br>fragt den Raben sie entt\u00e4uscht.<\/p>\n\n\n\n<p>&#8222;Ach, Frau Elster&#8220;, kr\u00e4chzt der Rabe,<br>&#8222;Schwarz mit Wei\u00df ist eine Pracht!<br>Wir, die Raben, sind dagegen<br>leider kesselrabenschwarz&#8230;&#8220;<\/p>\n\n\n\n<p>Und die Elster, schlau wie immer,<br>f\u00e4chelt mit dem langen Schwanz,<br>fliegt vergn\u00fcgt zum n\u00e4chsten Pfosten:<br>stolz, gewandt, mit Eleganz.<\/p>\n\n\n\n<p><em>2. April 1990<\/em><\/p>\n\n\n\n<h1 class=\"wp-block-heading\"><em>\u0421\u043e\u0440\u043e\u043a\u0430<\/em><em> <\/em>\/ Pfiffig<\/h1>\n\n\n\n<p>\u0412\u0434\u0440\u0443\u0433 \u0441\u043e\u0440\u043e\u043a\u0430 \u0437\u0430\u0442\u0440\u0435\u0449\u0430\u043b\u0430,<br>\u0441\u0442\u043e\u044f \u043b\u0430\u043f\u043a\u0430\u043c\u0438 \u0432 \u0432\u043e\u0434\u0435:<br>\u00ab\u041a \u0441\u043e\u0436\u0430\u043b\u0435\u043d\u044c\u044e, \u044f \u0432\u0441\u0442\u0440\u0435\u0447\u0430\u043b\u0430<br>\u043b\u0438\u0448\u044c \u0434\u0432\u0430 \u0446\u0432\u0435\u0442\u0430 \u043d\u0430 \u0437\u0435\u043c\u043b\u0435\u00bb.<\/p>\n\n\n\n<p>\u00ab\u0410\u0445, \u0441\u043e\u0440\u043e\u043a\u0430, &#8211; \u043a\u0430\u0440\u043a\u043d\u0443\u043b \u0432\u043e\u0440\u043e\u043d, &#8211;<br>\u0447\u0451\u0440\u043d\u044b\u0439 \u0441 \u0431\u0435\u043b\u044b\u043c \u2013 \u044d\u0442\u043e \u0448\u0438\u043a.<br>\u042f \u0436, &#8211; \u0441\u043a\u0430\u0437\u0430\u043b \u043e\u043d, \u0433\u0440\u0443\u0441\u0442\u0438 \u043f\u043e\u043b\u043e\u043d, &#8211;<br>\u043a \u0446\u0432\u0435\u0442\u0443 \u0447\u0451\u0440\u043d\u043e\u043c\u0443 \u043f\u0440\u0438\u0432\u044b\u043a\u00bb.<\/p>\n\n\n\n<p>\u0423 \u0441\u043e\u0440\u043e\u043a\u0438 \u043e\u0442 \u043f\u0435\u0447\u0430\u043b\u0438<br>\u043d\u0435 \u043e\u0441\u0442\u0430\u043b\u043e\u0441\u044c \u0438 \u0441\u043b\u0435\u0434\u0430.<br>\u041f\u043e\u043b\u0435\u0442\u0435\u043b\u0430 \u0432\u0435\u043b\u0438\u0447\u0430\u0432\u043e,<br>\u044d\u043b\u0435\u0433\u0430\u043d\u0442\u043d\u0430 \u0438 \u0433\u043e\u0440\u0434\u0430.<\/p>\n","protected":false},"excerpt":{"rendered":"<p>&#8222;So ein Elend!&#8220; klagt die Elster.&#8222;Gibt es au\u00dfer Schwarz und Wei\u00dfkeine Farben auf der Erde?&#8220;fragt den Raben sie entt\u00e4uscht. &#8222;Ach, Frau Elster&#8220;, kr\u00e4chzt der Rabe,&#8222;Schwarz mit Wei\u00df ist eine Pracht!Wir, die Raben, sind dagegenleider kesselrabenschwarz&#8230;&#8220; Und die Elster, schlau wie immer,f\u00e4chelt mit dem langen Schwanz,fliegt vergn\u00fcgt zum n\u00e4chsten Pfosten:stolz, gewandt, mit Eleganz. 2. April 1990 &hellip; <\/p>\n<p class=\"link-more\"><a href=\"https:\/\/arnhold.eu\/?p=385\" class=\"more-link\"><span class=\"screen-reader-text\">\u201ePfiffig \/ \u0421\u043e\u0440\u043e\u043a\u0430\u201c <\/span>weiterlesen<\/a><\/p>\n","protected":false},"author":2,"featured_media":0,"comment_status":"closed","ping_status":"closed","sticky":false,"template":"","format":"standard","meta":{"footnotes":""},"categories":[1],"tags":[],"class_list":["post-385","post","type-post","status-publish","format-standard","hentry","category-uncategorized"],"_links":{"self":[{"href":"https:\/\/arnhold.eu\/index.php?rest_route=\/wp\/v2\/posts\/385","targetHints":{"allow":["GET"]}}],"collection":[{"href":"https:\/\/arnhold.eu\/index.php?rest_route=\/wp\/v2\/posts"}],"about":[{"href":"https:\/\/arnhold.eu\/index.php?rest_route=\/wp\/v2\/types\/post"}],"author":[{"embeddable":true,"href":"https:\/\/arnhold.eu\/index.php?rest_route=\/wp\/v2\/users\/2"}],"replies":[{"embeddable":true,"href":"https:\/\/arnhold.eu\/index.php?rest_route=%2Fwp%2Fv2%2Fcomments&post=385"}],"version-history":[{"count":1,"href":"https:\/\/arnhold.eu\/index.php?rest_route=\/wp\/v2\/posts\/385\/revisions"}],"predecessor-version":[{"id":386,"href":"https:\/\/arnhold.eu\/index.php?rest_route=\/wp\/v2\/posts\/385\/revisions\/386"}],"wp:attachment":[{"href":"https:\/\/arnhold.eu\/index.php?rest_route=%2Fwp%2Fv2%2Fmedia&parent=385"}],"wp:term":[{"taxonomy":"category","embeddable":true,"href":"https:\/\/arnhold.eu\/index.php?rest_route=%2Fwp%2Fv2%2Fcategories&post=385"},{"taxonomy":"post_tag","embeddable":true,"href":"https:\/\/arnhold.eu\/index.php?rest_route=%2Fwp%2Fv2%2Ftags&post=385"}],"curies":[{"name":"wp","href":"https:\/\/api.w.org\/{rel}","templated":true}]}}