{"id":1483,"date":"2020-05-25T15:23:43","date_gmt":"2020-05-25T15:23:43","guid":{"rendered":"http:\/\/hermann.arnhold.eu\/?p=1483"},"modified":"2020-05-25T15:23:43","modified_gmt":"2020-05-25T15:23:43","slug":"o-wuesste-ich-nicht","status":"publish","type":"post","link":"https:\/\/arnhold.eu\/?p=1483","title":{"rendered":"O w\u00fcsste ich nicht!"},"content":{"rendered":"\n<p>Was frag ich, was klag ich, was will ich vermeiden?<br>Es kann meine Liebe mir niemand verleiden!<br>Zum Klagen und Plagen gibt\u00b4s keinerlei Grund.<br>So manches im Leben scheint unangemessen,<br>doch werden am liebsten die \u00c4pfel gegessen,<br>die reif sind und weich sind und zugespitzt-rund.<\/p>\n\n\n\n<p>Refrain:<\/p>\n\n\n\n<p>&nbsp;&nbsp;&nbsp;&nbsp; O w\u00fcsste, o w\u00fcsste, o w\u00fcsste ich nicht,<br>&nbsp;&nbsp;&nbsp;&nbsp; wie innig, wie innig allein ich dich liebe,<br>&nbsp;&nbsp;&nbsp;&nbsp; ich k\u00fcsste, ich k\u00fcsste, ich k\u00fcsste dich nicht &#8211;<br>&nbsp;&nbsp;&nbsp;&nbsp; du w\u00e4rest mir fremder als fremd je geblieben!<\/p>\n\n\n\n<p>Ich richte und dichte mir keine Idylle &#8211;<br>es gibt jedoch M\u00e4nner in H\u00fclle und F\u00fclle:<br>und einer von ihnen ist sicherlich mein!<br>Wozu nun das Flennen? Ich werde mich trennen,<br>ich werde f\u00fcr jenen in Liebe entbrennen&#8230;<br>Doch sagt mir, o sagt mir, wer k\u00f6nnte es sein?!<\/p>\n\n\n\n<p>Refrain<\/p>\n\n\n\n<p>Ich st\u00f6hne &#8230; und fr\u00f6ne wie fr\u00fcher der S\u00fcnde<br>und suche nach &#8222;jenem&#8220; und kann ihn nicht finden:<br>Nur einen (den meinen) &#8211; den hab ich so gern!..<br>So schieb ich mich trostlos durch Menschengewimmel<br>und schiffe als W\u00f6lkchen am blaugrauen Himmel:<br>Wo liegt nun mein Hafen? Wo wandelt mein Stern?..<\/p>\n\n\n\n<p>Refrain<\/p>\n\n\n\n<p><em>1977<\/em><\/p>\n","protected":false},"excerpt":{"rendered":"<p>Was frag ich, was klag ich, was will ich vermeiden?Es kann meine Liebe mir niemand verleiden!Zum Klagen und Plagen gibt\u00b4s keinerlei Grund.So manches im Leben scheint unangemessen,doch werden am liebsten die \u00c4pfel gegessen,die reif sind und weich sind und zugespitzt-rund. Refrain: &nbsp;&nbsp;&nbsp;&nbsp; O w\u00fcsste, o w\u00fcsste, o w\u00fcsste ich nicht,&nbsp;&nbsp;&nbsp;&nbsp; wie innig, wie innig allein &hellip; <\/p>\n<p class=\"link-more\"><a href=\"https:\/\/arnhold.eu\/?p=1483\" class=\"more-link\"><span class=\"screen-reader-text\">\u201eO w\u00fcsste ich nicht!\u201c <\/span>weiterlesen<\/a><\/p>\n","protected":false},"author":2,"featured_media":0,"comment_status":"closed","ping_status":"closed","sticky":false,"template":"","format":"standard","meta":{"footnotes":""},"categories":[1],"tags":[],"class_list":["post-1483","post","type-post","status-publish","format-standard","hentry","category-uncategorized"],"_links":{"self":[{"href":"https:\/\/arnhold.eu\/index.php?rest_route=\/wp\/v2\/posts\/1483","targetHints":{"allow":["GET"]}}],"collection":[{"href":"https:\/\/arnhold.eu\/index.php?rest_route=\/wp\/v2\/posts"}],"about":[{"href":"https:\/\/arnhold.eu\/index.php?rest_route=\/wp\/v2\/types\/post"}],"author":[{"embeddable":true,"href":"https:\/\/arnhold.eu\/index.php?rest_route=\/wp\/v2\/users\/2"}],"replies":[{"embeddable":true,"href":"https:\/\/arnhold.eu\/index.php?rest_route=%2Fwp%2Fv2%2Fcomments&post=1483"}],"version-history":[{"count":1,"href":"https:\/\/arnhold.eu\/index.php?rest_route=\/wp\/v2\/posts\/1483\/revisions"}],"predecessor-version":[{"id":1484,"href":"https:\/\/arnhold.eu\/index.php?rest_route=\/wp\/v2\/posts\/1483\/revisions\/1484"}],"wp:attachment":[{"href":"https:\/\/arnhold.eu\/index.php?rest_route=%2Fwp%2Fv2%2Fmedia&parent=1483"}],"wp:term":[{"taxonomy":"category","embeddable":true,"href":"https:\/\/arnhold.eu\/index.php?rest_route=%2Fwp%2Fv2%2Fcategories&post=1483"},{"taxonomy":"post_tag","embeddable":true,"href":"https:\/\/arnhold.eu\/index.php?rest_route=%2Fwp%2Fv2%2Ftags&post=1483"}],"curies":[{"name":"wp","href":"https:\/\/api.w.org\/{rel}","templated":true}]}}