{"id":1436,"date":"2020-05-24T14:49:48","date_gmt":"2020-05-24T14:49:48","guid":{"rendered":"http:\/\/hermann.arnhold.eu\/?p=1436"},"modified":"2020-05-24T14:49:48","modified_gmt":"2020-05-24T14:49:48","slug":"licht-und-finsternis","status":"publish","type":"post","link":"https:\/\/arnhold.eu\/?p=1436","title":{"rendered":"Licht und Finsternis"},"content":{"rendered":"\n<h3 class=\"wp-block-heading\"><a>Verschneite Pfade<\/a><\/h3>\n\n\n\n<p>Ein Einschreibebrief.<br>(Sein Weg ist weit!)<br>Und eingepackt<br>in Zwischenzeilen,<br>liegen darin<br>meine Schmerzen.<br>Denn die Pfade<br>zu deinem Herzen<br>sind schon so lange<br>tief verschneit&#8230;<br>Ob meine Botschaft<br>dich endlich erreicht?<\/p>\n\n\n\n<h3 class=\"wp-block-heading\"><a>Nostalgie<\/a><\/h3>\n\n\n\n<p>Wo wandelt die Gnade?<br>Sie schweigt und schweigt.<br>Erh\u00f6rt sie denn nicht<br>mein stilles Gebet?<br>Und warum, ja warum?<br>Ist sie taub? Oder stumm?<br>Oder kommt meine Bitte<br>ein Jahrhundert zu sp\u00e4t?<br>Ober ist&#8217;s noch zu fr\u00fch,<br>die Seele zu tr\u00f6sten?<br>Nostalgie. Nostalgie!..<br>Wann ist sie am gr\u00f6\u00dften?<br>In diesem Jahrhundert?<br>Oder sp\u00e4ter? Im n\u00e4chsten?<\/p>\n\n\n\n<h3 class=\"wp-block-heading\"><a>Hochgef\u00fchl<\/a><\/h3>\n\n\n\n<p>Kein einzig Wort,<br>das aus dem Reich<br>der ersten Liebe kommt,<br>kann leer sein oder kalt.<br>Auch wenn die Glut<br>in deinem Blut<br>schon l\u00e4ngst erloschen ist,<br>so f\u00fchlst du dann und wann<br>noch einen Widerhall,<br>der dich ergreift<br>und stundenlang<br>dir keine Ruhe l\u00e4sst:<br>Ein Hochgef\u00fchl!<br>Ein Freudenfest!<\/p>\n\n\n\n<h3 class=\"wp-block-heading\"><a>Hoher Zoll<\/a><\/h3>\n\n\n\n<p>Gestern Sonnenschein.<br>Mit Hoffnungsstrahlen.<br>Und heute Regen.<br>Mit Herzensqualen.<br>Und morgen? Finsternis<br>in deiner Seele?..<br>Wenn tr\u00fcb und ungewiss<br>die Zukunft ist,<br>muss die Bek\u00fcmmernis<br>den hohen Zoll bezahlen.<\/p>\n\n\n\n<h3 class=\"wp-block-heading\"><a>Ersehntes Licht<\/a><\/h3>\n\n\n\n<p>Am g\u00e4hnenden Abgrund<br>des b\u00f6sen Jahrhunderts<br>steht frierend und zitternd<br>die Rechtlosigkeit<br>und wischt sich die Tr\u00e4nen<br>aus ihrem Gesicht<br>und schaut in die Ferne<br>und wei\u00df nicht, wohin<br>mit den dr\u00fcckenden Sorgen,<br>mit der bitteren Not,<br>die sie schweigend erlitten,<br>nur um Almosen bittend&#8230;<br>Ob endlich das Licht<br>der Humanit\u00e4t<br>durch die drohenden Wolken<br>der Finsternis bricht?<\/p>\n\n\n\n<h3 class=\"wp-block-heading\"><a>Unerf\u00fcllbarer Traum<\/a><\/h3>\n\n\n\n<p>Russische Birke,<br>Birke in Finnland,<br>Birke im Osten,<br>Birke im Westen,<br>\u00fcber dein edles Gem\u00fct<br>ist so viel schon geschrieben.<\/p>\n\n\n\n<p>Deine zartwei\u00dfe Farbe<br>ist ein Sinnbild der Sanftmut.<br>Deine gr\u00fcnenden Zweige<br>sind deutliche Zeichen<br>des Sch\u00f6nen auf Erden&#8230;<\/p>\n\n\n\n<p>O k\u00f6nnte, o k\u00f6nnt&#8216; ich<br>in trostlosen Stunden<br>eine Wei\u00dfbirke werden!<\/p>\n\n\n\n<h3 class=\"wp-block-heading\"><a>Mitleidslos<\/a><\/h3>\n\n\n\n<p>Es wimmert laut die Steppe.<br>Es saust und braust der Wind.<br>Ein wahres Hundewetter,<br>das kreischt und schreit und schimpft.<\/p>\n\n\n\n<p>Und jene armen Hunde,<br>die keine H\u00fctte haben?<br>Sie m\u00fcssen alles dulden,<br>sie winseln nur und klagen.<\/p>\n\n\n\n<p>Sie finden keine Gnade<br>und finden keinen Trost &#8211;<br>und rei\u00dft der Lebensfaden:<br>Der Sturm ist mitleidslos.<\/p>\n\n\n\n<h3 class=\"wp-block-heading\"><a>Uners\u00e4ttlich<\/a><\/h3>\n\n\n\n<p>Das Gruseln vor der Dunkelheit&#8230;<br>Wir lernten es unter Tr\u00e4nen.<br>Uns drohte oft<br>\u00a0\u00a0\u00a0\u00a0\u00a0\u00a0\u00a0\u00a0\u00a0\u00a0\u00a0\u00a0 die Unmenschlichkeit<br>mit ihren fletschenden Z\u00e4hnen.<\/p>\n\n\n\n<p>Auch heute sitzt<br>&nbsp;&nbsp;&nbsp;&nbsp;&nbsp;&nbsp;&nbsp;&nbsp;&nbsp;&nbsp;&nbsp;&nbsp;&nbsp;&nbsp; uns noch die Angst<br>so manches Mal in den Knochen.<br>Denn uners\u00e4ttlich ist der Wanst<br>der Willk\u00fcr in allen Epochen.<\/p>\n\n\n\n<p><a>Innerer Frieden<\/a><\/p>\n\n\n\n<p>Zu viel Schwarz sei aufgelegt<br>in meinen Stimmungsbildern?<br>So war und ist mein Lebensweg.<br>So muss ich ihn auch schildern.<\/p>\n\n\n\n<p>Und wo das Helle dominiert,<br>dort geht es um die Liebe<br>zum Leben auf der Erde hier &#8211;<br>in Eintracht und in Frieden.<\/p>\n\n\n\n<h3 class=\"wp-block-heading\"><a>Unstillbares Sehnen<\/a><\/h3>\n\n\n\n<p>Ja, ja: Vom Januar<br>bis zum Dezember,<br>von Jahr zu Jahr,<br>von Anbeginn<br>bis hin zum Ende<br>wandern die Tr\u00e4ume &#8211;<br>bald rosafarben,<br>bald grau-schwarz-wei\u00df,<br>bald sonnig und wonnig,<br>bald diesig und tr\u00fcb &#8211;<br>durch Raum und Zeit<br>des irdischen Reichs,<br>das uns so lieb<br>trotz mancher schrillen<br>Widerw\u00e4rtigkeit&#8230;<\/p>\n\n\n\n<p>Hier ist ein B\u00e4umchen,<br>ein schlankes, ergr\u00fcnt.<br>Dort ist ein Bl\u00fcmchen,<br>ein zartes, erbl\u00fcht.<\/p>\n\n\n\n<p>im Gebirgsfluss,<br>nicht weit von der Quelle,<br>schnellen Forellen<br>flink und grazil<br>aus dem Wasser<br>zum Fr\u00fchlicht empor.<\/p>\n\n\n\n<p>Schwalben und Lerchen<br>und Drosseln und Finken<br>zwitschern und pfeifen<br>und schmettern und trillern<br>und singen begeistert<br>im Vogelscharchor.<\/p>\n\n\n\n<p>Und Tauperlen h\u00e4ngen<br>an Bl\u00e4ttern und St\u00e4ngeln<br>und blinken und glitzern<br>und strahlen und blitzen &#8211;<br>der Sonne froh dankend &#8211;<br>wie Schmuckdiamanten&#8230;<\/p>\n\n\n\n<p>O, wenn es das Tr\u00fcbe<br>und B\u00f6se nicht g\u00e4be<br>im Traum und im Leben &#8211;<br>die Welt w\u00e4re offen<br>f\u00fcr G\u00fcte und Liebe!..<\/p>\n\n\n\n<p>Und doch &#8211; wie gew\u00f6hnlich:<br>Wir tr\u00e4umen und hoffen.<br>Trotz Kummer und Tr\u00e4nen&#8230;<br>O ewiges Sehnen!..<\/p>\n\n\n\n<p><em>26. November 1990<\/em><\/p>\n","protected":false},"excerpt":{"rendered":"<p>Verschneite Pfade Ein Einschreibebrief.(Sein Weg ist weit!)Und eingepacktin Zwischenzeilen,liegen darinmeine Schmerzen.Denn die Pfadezu deinem Herzensind schon so langetief verschneit&#8230;Ob meine Botschaftdich endlich erreicht? Nostalgie Wo wandelt die Gnade?Sie schweigt und schweigt.Erh\u00f6rt sie denn nichtmein stilles Gebet?Und warum, ja warum?Ist sie taub? Oder stumm?Oder kommt meine Bitteein Jahrhundert zu sp\u00e4t?Ober ist&#8217;s noch zu fr\u00fch,die Seele zu &hellip; <\/p>\n<p class=\"link-more\"><a href=\"https:\/\/arnhold.eu\/?p=1436\" class=\"more-link\"><span class=\"screen-reader-text\">\u201eLicht und Finsternis\u201c <\/span>weiterlesen<\/a><\/p>\n","protected":false},"author":2,"featured_media":0,"comment_status":"closed","ping_status":"closed","sticky":false,"template":"","format":"standard","meta":{"footnotes":""},"categories":[1],"tags":[],"class_list":["post-1436","post","type-post","status-publish","format-standard","hentry","category-uncategorized"],"_links":{"self":[{"href":"https:\/\/arnhold.eu\/index.php?rest_route=\/wp\/v2\/posts\/1436","targetHints":{"allow":["GET"]}}],"collection":[{"href":"https:\/\/arnhold.eu\/index.php?rest_route=\/wp\/v2\/posts"}],"about":[{"href":"https:\/\/arnhold.eu\/index.php?rest_route=\/wp\/v2\/types\/post"}],"author":[{"embeddable":true,"href":"https:\/\/arnhold.eu\/index.php?rest_route=\/wp\/v2\/users\/2"}],"replies":[{"embeddable":true,"href":"https:\/\/arnhold.eu\/index.php?rest_route=%2Fwp%2Fv2%2Fcomments&post=1436"}],"version-history":[{"count":1,"href":"https:\/\/arnhold.eu\/index.php?rest_route=\/wp\/v2\/posts\/1436\/revisions"}],"predecessor-version":[{"id":1437,"href":"https:\/\/arnhold.eu\/index.php?rest_route=\/wp\/v2\/posts\/1436\/revisions\/1437"}],"wp:attachment":[{"href":"https:\/\/arnhold.eu\/index.php?rest_route=%2Fwp%2Fv2%2Fmedia&parent=1436"}],"wp:term":[{"taxonomy":"category","embeddable":true,"href":"https:\/\/arnhold.eu\/index.php?rest_route=%2Fwp%2Fv2%2Fcategories&post=1436"},{"taxonomy":"post_tag","embeddable":true,"href":"https:\/\/arnhold.eu\/index.php?rest_route=%2Fwp%2Fv2%2Ftags&post=1436"}],"curies":[{"name":"wp","href":"https:\/\/api.w.org\/{rel}","templated":true}]}}