{"id":1417,"date":"2020-05-23T16:54:25","date_gmt":"2020-05-23T16:54:25","guid":{"rendered":"http:\/\/hermann.arnhold.eu\/?p=1417"},"modified":"2020-05-23T16:54:25","modified_gmt":"2020-05-23T16:54:25","slug":"welt-der-farben","status":"publish","type":"post","link":"https:\/\/arnhold.eu\/?p=1417","title":{"rendered":"Welt der Farben"},"content":{"rendered":"\n<h3 class=\"wp-block-heading\"><a>Der wei\u00dfe Traum<\/a><\/h3>\n\n\n\n<p>&#8222;Es ist mein einziges Begehr:<br>Wenn ich ein wei\u00dfer Rabe w\u00e4r\u00b4!<br>Es w\u00fcrde mich die halbe Welt,<br>ach wo! &#8211; die ganze gar bewundern.<br>Dann w\u00e4re ich bestimmt ein Held,<br>ein wei\u00dfes zwar, doch blaues Wunder.<br>Man w\u00fcrde Sympathie bekunden:<br>&#8218;Da kommt das Wunder angesegelt,<br>das Unikum, der wei\u00dfe Rabe!..&#8216;<br>Wer hat die Farbenwelt geregelt?<br>Ach, dreimal schade, schade, schade,<br>da\u00df ich pechschwarze Federn habe,<br>da\u00df mich stahlschwarze Fl\u00fcgel tragen!<br>Wo k\u00f6nnte ich mich nur beklagen?<br>Wer hilft mir da? Wer f\u00e4rbt mich um?..&#8220;<br>Die Farbenskala schweigt wie stumm:<br>Der Traum, den tr\u00e4umt das &#8222;Unikum&#8220;,<br>ist ziemlich sinnlos, wenn nicht dumm&#8230;<br>Noch gut der schwarze Rabe tut,<br>wenn er nicht tr\u00e4umt von wei\u00dfem Blut;<br>noch klug der schwarze Rabe ist,<br>wenn er den wei\u00dfen Traum vergi\u00dft.<br>Denn schwarz der schwarze Rabe bleibt,<br>weil er sich eben Rabe schreibt.<\/p>\n\n\n\n<h3 class=\"wp-block-heading\"><a>Das wei\u00dfe Blatt<\/a><\/h3>\n\n\n\n<p>&#8222;Ich bin ein schlankes wei\u00dfes Blatt<br>und bin bis heute noch unbeschrieben.<br>Wie sch\u00f6n es manches Bl\u00e4ttchen hat!<br>Und ich muss wei\u00df und leer mich f\u00fcgen.<br>Ich bin des grauen Wei\u00dfseins satt-<br>m\u00f6cht\u00b4 in die blaue Ferne fliegen&#8230;&#8220;<br>&#8222;Sei hoffnungsvoll und unverzagt.<br>Wozu, mein Kind, die gro\u00dfe Eile?<br>Es kommt die Zeit, es kommt der Tag &#8211;<br>ein Prinz wird sich in dich verlieben<br>und farbenfreudig dich beschreiben&#8230;<br>Doch gibt es leider auch noch S\u00fcnden:<br>Vergessen, mu\u00dft allein du bleiben,<br>bis er dich &#8211; reuig &#8211; wiederfindet.<br>Schon graumeliert, wird er dich suchen<br>und die Vergessenheit verfluchen.<br>Dann dr\u00fcckt der Prinz dich an die Brust,<br>da\u00df du in Lieb&#8216; vergehen mu\u00dft&#8230;<br>Ein wei\u00dfes Bl\u00e4ttchen war auch ich.<br>Nun bange ich mich f\u00fcrchterlich:<br>Beschrieben, kann man auch vergilben.<br>Es kann der Wandel mit der Zeit<br>dir alles durcheinanderwirbeln.<br>Noch gut, wenn dir die Hoffnung bleibt.&#8220;<\/p>\n\n\n\n<h3 class=\"wp-block-heading\"><a>Wei\u00dfe N\u00e4chte<\/a><\/h3>\n\n\n\n<p>Bei Sonnenuntergang beginnt<br>die Zeit, die wir als Nacht bezeichnen.<br>Die einen sie ganz lyrisch stimmt,<br>den andern sie ihr Los erleichtert.<br>Gew\u00f6hnlich sind die N\u00e4chte dunkel,<br>bis gr\u00e4ulichwei\u00df der Morgen graut.<br>Am Himmel blau die Sterne funkeln &#8211;<br>ein Bild, womit wir gut vertraut.<br>Auf ihre weichen, dunklen Schatten<br>die M\u00fcden und Verliebten warten:<br>In ihren Tr\u00e4umen lauschen sie<br>der sch\u00f6nen Zukunft Melodie&#8230;<br>Doch gibt es auch noch wei\u00dfe N\u00e4chte,<br>und schleierwei\u00df sind ihre Stunden.<br>Wer sollte, d\u00fcrfte, k\u00f6nnte, m\u00f6chte<br>ihr wei\u00dfes Blauwei\u00df nicht bewundern!..<br>Ich war noch nie in Leningrad<br>Und hab das Nachtwei\u00df nie gesehen.<br>mein Freund, er stammt aus jener Stadt, &#8211;<br>er meint, es sei fast ein Vergehen,<br>da\u00df Leningrad ich nie bereist,<br>das die Blockade \u00fcberstanden,<br>um vor dem lichten Heiligwei\u00df<br>den Hut zu ziehn am Newastrande.<\/p>\n\n\n\n<p><em>1984<\/em><\/p>\n","protected":false},"excerpt":{"rendered":"<p>Der wei\u00dfe Traum &#8222;Es ist mein einziges Begehr:Wenn ich ein wei\u00dfer Rabe w\u00e4r\u00b4!Es w\u00fcrde mich die halbe Welt,ach wo! &#8211; die ganze gar bewundern.Dann w\u00e4re ich bestimmt ein Held,ein wei\u00dfes zwar, doch blaues Wunder.Man w\u00fcrde Sympathie bekunden:&#8218;Da kommt das Wunder angesegelt,das Unikum, der wei\u00dfe Rabe!..&#8216;Wer hat die Farbenwelt geregelt?Ach, dreimal schade, schade, schade,da\u00df ich pechschwarze &hellip; <\/p>\n<p class=\"link-more\"><a href=\"https:\/\/arnhold.eu\/?p=1417\" class=\"more-link\"><span class=\"screen-reader-text\">\u201eWelt der Farben\u201c <\/span>weiterlesen<\/a><\/p>\n","protected":false},"author":2,"featured_media":0,"comment_status":"closed","ping_status":"closed","sticky":false,"template":"","format":"standard","meta":{"footnotes":""},"categories":[1],"tags":[],"class_list":["post-1417","post","type-post","status-publish","format-standard","hentry","category-uncategorized"],"_links":{"self":[{"href":"https:\/\/arnhold.eu\/index.php?rest_route=\/wp\/v2\/posts\/1417","targetHints":{"allow":["GET"]}}],"collection":[{"href":"https:\/\/arnhold.eu\/index.php?rest_route=\/wp\/v2\/posts"}],"about":[{"href":"https:\/\/arnhold.eu\/index.php?rest_route=\/wp\/v2\/types\/post"}],"author":[{"embeddable":true,"href":"https:\/\/arnhold.eu\/index.php?rest_route=\/wp\/v2\/users\/2"}],"replies":[{"embeddable":true,"href":"https:\/\/arnhold.eu\/index.php?rest_route=%2Fwp%2Fv2%2Fcomments&post=1417"}],"version-history":[{"count":1,"href":"https:\/\/arnhold.eu\/index.php?rest_route=\/wp\/v2\/posts\/1417\/revisions"}],"predecessor-version":[{"id":1418,"href":"https:\/\/arnhold.eu\/index.php?rest_route=\/wp\/v2\/posts\/1417\/revisions\/1418"}],"wp:attachment":[{"href":"https:\/\/arnhold.eu\/index.php?rest_route=%2Fwp%2Fv2%2Fmedia&parent=1417"}],"wp:term":[{"taxonomy":"category","embeddable":true,"href":"https:\/\/arnhold.eu\/index.php?rest_route=%2Fwp%2Fv2%2Fcategories&post=1417"},{"taxonomy":"post_tag","embeddable":true,"href":"https:\/\/arnhold.eu\/index.php?rest_route=%2Fwp%2Fv2%2Ftags&post=1417"}],"curies":[{"name":"wp","href":"https:\/\/api.w.org\/{rel}","templated":true}]}}