{"id":1415,"date":"2020-05-23T16:44:30","date_gmt":"2020-05-23T16:44:30","guid":{"rendered":"http:\/\/hermann.arnhold.eu\/?p=1415"},"modified":"2020-05-23T16:44:30","modified_gmt":"2020-05-23T16:44:30","slug":"der-winter-ist-weise-und-weiss","status":"publish","type":"post","link":"https:\/\/arnhold.eu\/?p=1415","title":{"rendered":"Der Winter ist weise und wei\u00df"},"content":{"rendered":"\n<h3 class=\"wp-block-heading\"><a>Kein Kahlfrost soll es wecken<\/a><\/h3>\n\n\n\n<p>Der Winter bettet weich<br>das Feld auf Daunenkissen,<br>deckt liebevoll es zu<br>mit wei\u00dfen Flockendecken.<br>Es schlummert sanft das Feld,<br>denn rein ist sein Gewissen.<br>Wir g\u00f6nnen ihm die Ruh.<br>Kein Kahlfrost soll es wecken.<\/p>\n\n\n\n<p>Erhole dich, mein Feld,<br>umh\u00fcllt mit wei\u00dfen Farben.<br>Der Winter meint es gut<br>und singt dir Wiegenlieder.<br>Und geht er wieder heim,<br>wird dich der Lenz umarmen,<br>und neuer Lebensmut<br>durchrieselt deine Glieder.<\/p>\n\n\n\n<h3 class=\"wp-block-heading\"><a>So hab Geduld!<\/a><\/h3>\n\n\n\n<p>Der Fluss ist dick mit Eis bedeckt.<br>Es tut ihm gut der Winterschlaf.<br>Doch unter seiner Decke reckt<br>er sich und sehnt sich still danach,<br>da\u00df bald die Winterzeit verstreicht<br>und dann das graue Panzer bricht,<br>da\u00df seine Wasser dann erreicht<br>das fr\u00fchlingswarme Sonnenlicht.<\/p>\n\n\n\n<p>Die blauen Wellen eilen fort,<br>die Sonnensegel straffgespannt,<br>dann ohne Ruh von Ort zu Ort &#8211;<br>hinaus ins ferne Reiseland,<br>wo \u00fcppig gr\u00fcnen Feld und Wald,<br>wo alles sich am Leben freut&#8230;<br>So hab Geduld, mein Fluss, recht bald<br>sich wieder dein Gef\u00fchl erneut.<\/p>\n\n\n\n<h3 class=\"wp-block-heading\"><a>Ich kenne kein sch\u00f6neres Wei\u00df<\/a><\/h3>\n\n\n\n<p>Ganz winterwei\u00df gr\u00fc\u00dft mich der Wald.<br>Ich kenne kein sch\u00f6neres Wei\u00df.<br>Nicht fahlwei\u00df, nicht kahlwei\u00df und kalt.<br>Nein, schneewei\u00df und sehnsuchtsvoll-hei\u00df.<br>Die Tannen und Birken und Erlen<br>verzichten auf billigen Tand:<br>Es glitzern briliantwei\u00dfe Perlen<br>am weich-wei\u00dfen Wintergewand.<\/p>\n\n\n\n<p>Es freut mich, wenn grau auch mein Haupt,<br>zu sehn und zu h\u00f6ren im Wei\u00df<br>des Waldes das frischgr\u00fcne Laub<br>trotz Winter und K\u00e4lte und Eis.<br>Umsonst wir oft Tr\u00e4nen vergie\u00dfen,<br>man sei, wenn auch r\u00fcstig, schon greis.<br>Das Sch\u00f6ne kann niemand verschlie\u00dfen:<br>Der Winter uns Weisheit verhei\u00dft.<\/p>\n\n\n\n<h3 class=\"wp-block-heading\"><a>Wehe nur, Windchen!<\/a><\/h3>\n\n\n\n<p>Eisige Schneeluft, schneeige Bl\u00e4sse<br>bringt uns der Winter ohne Entgelt.<br>Senken und H\u00f6hen&#8230; Nichts wird vergessen:<br>Wei\u00df ist die Wiese, wei\u00df ist das Feld.<br>Wei\u00df sind die Berge, wei\u00df sind die T\u00e4ler.<br>Wei\u00df sind die Tage, wei\u00df ist die Nacht.<br>Gibt es mitunter auch einen Fehler,<br>wird wieder gut er balde gemacht.<\/p>\n\n\n\n<p>Wei\u00df schm\u00fcckt der Winter stets sein Gest\u00f6ber,<br>wei\u00df wie des Fr\u00fchlings bl\u00fchende Welt.<br>Schneereich beladen, Gutes im Leben<br>gern uns des Winters Schneesturm bestellt&#8230;<br>Wehe nur, Windchen, weh uns Getreide,<br>M\u00fch und Arbeit &#8211; Frohsinn herbei!<br>Dann, wenn vom Winter dankbar wir scheiden,<br>gr\u00fcnt unsre Hoffnung wieder im Mai.<\/p>\n\n\n\n<h3 class=\"wp-block-heading\"><a>Brauchst nicht vor Gram zu vergehen<\/a><\/h3>\n\n\n\n<p>Wenn es auch kalt oft im Winter,<br>wenn auch der Frost nur so klirrt,<br>steckt doch wohl W\u00e4rme dahinter,<br>die dich behaglich umschwirrt.<br>Sehns\u00fcchtig-hei\u00dfes Verlangen &#8211;<br>zart wie das warmrot die Wangen&#8230;<br>Die Liebe sei ewig gepreist!<\/p>\n\n\n\n<p>Wenn auch die Schneest\u00fcrme toben &#8211;<br>sch\u00f6n ist der Winter und gut.<br>Bleibst du ihm treu und gewogen,<br>w\u00e4rmt dich dann lodernde Glut.<br>Schneewehen, berghohe Wehen<br>schmelzen zusammen alsdann.<br>Brauchst nicht vor Gram zu vergehen&#8230;<br>Es reift deine Ernte heran.<\/p>\n\n\n\n<p>November 1982<\/p>\n","protected":false},"excerpt":{"rendered":"<p>Kein Kahlfrost soll es wecken Der Winter bettet weichdas Feld auf Daunenkissen,deckt liebevoll es zumit wei\u00dfen Flockendecken.Es schlummert sanft das Feld,denn rein ist sein Gewissen.Wir g\u00f6nnen ihm die Ruh.Kein Kahlfrost soll es wecken. Erhole dich, mein Feld,umh\u00fcllt mit wei\u00dfen Farben.Der Winter meint es gutund singt dir Wiegenlieder.Und geht er wieder heim,wird dich der Lenz umarmen,und &hellip; <\/p>\n<p class=\"link-more\"><a href=\"https:\/\/arnhold.eu\/?p=1415\" class=\"more-link\"><span class=\"screen-reader-text\">\u201eDer Winter ist weise und wei\u00df\u201c <\/span>weiterlesen<\/a><\/p>\n","protected":false},"author":2,"featured_media":0,"comment_status":"closed","ping_status":"closed","sticky":false,"template":"","format":"standard","meta":{"footnotes":""},"categories":[1],"tags":[],"class_list":["post-1415","post","type-post","status-publish","format-standard","hentry","category-uncategorized"],"_links":{"self":[{"href":"https:\/\/arnhold.eu\/index.php?rest_route=\/wp\/v2\/posts\/1415","targetHints":{"allow":["GET"]}}],"collection":[{"href":"https:\/\/arnhold.eu\/index.php?rest_route=\/wp\/v2\/posts"}],"about":[{"href":"https:\/\/arnhold.eu\/index.php?rest_route=\/wp\/v2\/types\/post"}],"author":[{"embeddable":true,"href":"https:\/\/arnhold.eu\/index.php?rest_route=\/wp\/v2\/users\/2"}],"replies":[{"embeddable":true,"href":"https:\/\/arnhold.eu\/index.php?rest_route=%2Fwp%2Fv2%2Fcomments&post=1415"}],"version-history":[{"count":1,"href":"https:\/\/arnhold.eu\/index.php?rest_route=\/wp\/v2\/posts\/1415\/revisions"}],"predecessor-version":[{"id":1416,"href":"https:\/\/arnhold.eu\/index.php?rest_route=\/wp\/v2\/posts\/1415\/revisions\/1416"}],"wp:attachment":[{"href":"https:\/\/arnhold.eu\/index.php?rest_route=%2Fwp%2Fv2%2Fmedia&parent=1415"}],"wp:term":[{"taxonomy":"category","embeddable":true,"href":"https:\/\/arnhold.eu\/index.php?rest_route=%2Fwp%2Fv2%2Fcategories&post=1415"},{"taxonomy":"post_tag","embeddable":true,"href":"https:\/\/arnhold.eu\/index.php?rest_route=%2Fwp%2Fv2%2Ftags&post=1415"}],"curies":[{"name":"wp","href":"https:\/\/api.w.org\/{rel}","templated":true}]}}