{"id":1405,"date":"2020-05-23T15:04:08","date_gmt":"2020-05-23T15:04:08","guid":{"rendered":"http:\/\/hermann.arnhold.eu\/?p=1405"},"modified":"2020-05-30T13:00:01","modified_gmt":"2020-05-30T13:00:01","slug":"kurze-maerchen","status":"publish","type":"post","link":"https:\/\/arnhold.eu\/?p=1405","title":{"rendered":"Kurze M\u00e4rchen"},"content":{"rendered":"\n<p>(Zyklus)<\/p>\n\n\n\n<h3 class=\"wp-block-heading\"><a>Was wen qu\u00e4lt<\/a><\/h3>\n\n\n\n<p>&#8222;Iah, iah&#8220;,<br>so klagt der Esel,<br>&#8222;auch ich bin einmal<br>jung gewesen!..&#8220;<br>Meint die Bremse da:<br>&#8222;Besser ist es,<br>wenn er laut<br>schreit und heult.<br>Schlechter ist es,<br>wenn er schweigt<br>und uns dabei<br>mit seinem<br>&nbsp;&nbsp;&nbsp;&nbsp;&nbsp;&nbsp;&nbsp; Quatschenschwanz<br>erbarmungslos verhaut.&#8220;<\/p>\n\n\n\n<h3 class=\"wp-block-heading\"><a>Traditionen<\/a><\/h3>\n\n\n\n<p>Aus seiner Schar<br>\u00a0\u00a0\u00a0\u00a0\u00a0\u00a0\u00a0\u00a0\u00a0\u00a0\u00a0\u00a0\u00a0 der Star:<br>Wir sind Wanderv\u00f6gel.<br>Und wir fliegen,<br>wenn herbstet,<br>in der Regel<br>nach dem S\u00fcden.<\/p>\n\n\n\n<p>Der Spatz<br>&nbsp;&nbsp;&nbsp;&nbsp;&nbsp; aus seiner Schar:<br>Wir sind sesshaft.<br>Und schon deshalb<br>bleiben wir<br>auch im kalten<br>Winter hier.<\/p>\n\n\n\n<h3 class=\"wp-block-heading\"><a>Dem Usus zuwider<\/a><\/h3>\n\n\n\n<p>Der Frosch:<br>Sieben Fliegen<br>auf einen Streich<br>ist gewiss nicht leicht.<\/p>\n\n\n\n<p>Der Igel:<br>Es hei\u00dft:<br>Will man das eine,<br>muss man das andere<br>&nbsp;&nbsp;&nbsp;&nbsp;&nbsp;&nbsp;&nbsp;&nbsp;&nbsp;&nbsp;&nbsp;&nbsp;&nbsp;&nbsp;&nbsp; lassen.<\/p>\n\n\n\n<p>Der Hase (in Ekstase):<br>Und wenn ich den Stier<br>bei den H\u00f6rnern fasse<br>und beides erreiche<br>&nbsp;&nbsp;&nbsp;&nbsp;&nbsp;&nbsp;&nbsp;&nbsp;&nbsp;&nbsp;&nbsp;&nbsp;&nbsp; zugleich?<\/p>\n\n\n\n<h3 class=\"wp-block-heading\"><a>Warnung<\/a><\/h3>\n\n\n\n<p>Der Kreis:<br>Ich bin kerngesund<br>und bin kugelrund.<br>Und bin klug genug.<br>Und es geht mir gut.<br>Und&#8230;<\/p>\n\n\n\n<p>Das Dreieck:<br>Sei nur auf der Hut,<br>runder Schwabbelbauch.<br>Meine spitzen Winkel<br>spie\u00dfen leichthin auf<br>deinen eitlen D\u00fcnkel.<br>Und du wirst zerplatzen<br>wie eine Seifenblase<br>und im Nichts versinken.<\/p>\n\n\n\n<h3 class=\"wp-block-heading\"><a>Unerwartet<\/a><\/h3>\n\n\n\n<p>Der Stein:<br>Ich bin ein Stein<br>und hart wie Stein.<br>Die Z\u00e4hne bei\u00dft sich aus<br>an mir jeder.<\/p>\n\n\n\n<p>Im n\u00e4chsten Fr\u00fchling<br>beim warmen Sonnenschein<br>guckte gr\u00fc\u00dfend<br>eine kleine Zeder<br>aus dem Stein heraus.<\/p>\n\n\n\n<h3 class=\"wp-block-heading\"><a>Der Streit<\/a><\/h3>\n\n\n\n<p>Es streiten erregt<br>der Berg und das Tal<br>zum wievielten Mal,<br>wer \u00e4lter sei von ihnen.<\/p>\n\n\n\n<p>Der Berg:<br>Siehst du denn nicht,<br>wie hoch ich schon bin?<br>Und ich wei\u00df es bestimmt,<br>da\u00df ich noch h\u00f6her werde.<br>Ich bin ja ein Riese!<\/p>\n\n\n\n<p>Das Tal:<br>Und ich?<br>Ich bin eine Wiese!<br>Und meine Gr\u00fcnde gr\u00fcnen<br>seit ururalter Zeit.<\/p>\n\n\n\n<p>Kommt da ein Wanderer<br>langsam des Wegs<br>und h\u00f6rt den Streit:<br>Meine Lieben, ihr seid<br>beide so alt wie die Erde.<\/p>\n\n\n\n<h3 class=\"wp-block-heading\"><a>Gr\u00f6\u00dfenwahn<\/a><\/h3>\n\n\n\n<p>Es klirrt der b\u00f6se Frost:<br>Ich bin allm\u00e4chtig!<br>Ich lasse alles frieren<br>und &#8211; wenn ich will &#8211;<br>sogar versteinern.<\/p>\n\n\n\n<p>Da bringt die Morgenpost<br>den jungen Fr\u00fchling,<br>der sonnenwarm-gesch\u00e4ftig.<br>Der Frost mu\u00df weinend<br>seinen Dienst quittieren.<\/p>\n\n\n\n<h3 class=\"wp-block-heading\"><a>Illusionen<\/a><\/h3>\n\n\n\n<p>Der Grash\u00fcpfer prahlt:<br>Bin sch\u00f6n wie gemalt,<br>habe Beine und Fl\u00fcgel<br>und sinnvolle F\u00fchler,<br>kann h\u00fcpfen und fliegen<br>und f\u00fcrcht mich vor niemand.<\/p>\n\n\n\n<p>Kommt da ein Spatz:<br>Ritsch, ratsch!<br>Dann wird schon geschmatzt.<\/p>\n\n\n\n<h3 class=\"wp-block-heading\">Freundschaft statt Feindschaft<\/h3>\n\n\n\n<p>Unsere Katze Miau:<br>Ich habe riesige Tatzen<br>und kann dich zerkratzen.<\/p>\n\n\n\n<p>Unser Hund Wauwau:<br>Und ich kann dich bei\u00dfen<br>und v\u00f6llig zerrei\u00dfen.<\/p>\n\n\n\n<p>Dann wurden die beiden<br>Freunde sogar.<br>Und sollen es bleiben!<\/p>\n\n\n\n<h3 class=\"wp-block-heading\">Fast \u00e4quivalent<\/h3>\n\n\n\n<p>Der Esel zum Schaf:<br>Wir sind in der Tat<br>wohl gleicher Natur.<\/p>\n\n\n\n<p>Verschieden sind nur<br>Statur und Figur.<\/p>\n\n\n\n<p><em>1987<\/em><\/p>\n","protected":false},"excerpt":{"rendered":"<p>(Zyklus) Was wen qu\u00e4lt &#8222;Iah, iah&#8220;,so klagt der Esel,&#8222;auch ich bin einmaljung gewesen!..&#8220;Meint die Bremse da:&#8222;Besser ist es,wenn er lautschreit und heult.Schlechter ist es,wenn er schweigtund uns dabeimit seinem&nbsp;&nbsp;&nbsp;&nbsp;&nbsp;&nbsp;&nbsp; Quatschenschwanzerbarmungslos verhaut.&#8220; Traditionen Aus seiner Schar\u00a0\u00a0\u00a0\u00a0\u00a0\u00a0\u00a0\u00a0\u00a0\u00a0\u00a0\u00a0\u00a0 der Star:Wir sind Wanderv\u00f6gel.Und wir fliegen,wenn herbstet,in der Regelnach dem S\u00fcden. Der Spatz&nbsp;&nbsp;&nbsp;&nbsp;&nbsp; aus seiner Schar:Wir sind sesshaft.Und schon deshalbbleiben &hellip; <\/p>\n<p class=\"link-more\"><a href=\"https:\/\/arnhold.eu\/?p=1405\" class=\"more-link\"><span class=\"screen-reader-text\">\u201eKurze M\u00e4rchen\u201c <\/span>weiterlesen<\/a><\/p>\n","protected":false},"author":2,"featured_media":0,"comment_status":"closed","ping_status":"closed","sticky":false,"template":"","format":"standard","meta":{"footnotes":""},"categories":[1],"tags":[],"class_list":["post-1405","post","type-post","status-publish","format-standard","hentry","category-uncategorized"],"_links":{"self":[{"href":"https:\/\/arnhold.eu\/index.php?rest_route=\/wp\/v2\/posts\/1405","targetHints":{"allow":["GET"]}}],"collection":[{"href":"https:\/\/arnhold.eu\/index.php?rest_route=\/wp\/v2\/posts"}],"about":[{"href":"https:\/\/arnhold.eu\/index.php?rest_route=\/wp\/v2\/types\/post"}],"author":[{"embeddable":true,"href":"https:\/\/arnhold.eu\/index.php?rest_route=\/wp\/v2\/users\/2"}],"replies":[{"embeddable":true,"href":"https:\/\/arnhold.eu\/index.php?rest_route=%2Fwp%2Fv2%2Fcomments&post=1405"}],"version-history":[{"count":3,"href":"https:\/\/arnhold.eu\/index.php?rest_route=\/wp\/v2\/posts\/1405\/revisions"}],"predecessor-version":[{"id":1496,"href":"https:\/\/arnhold.eu\/index.php?rest_route=\/wp\/v2\/posts\/1405\/revisions\/1496"}],"wp:attachment":[{"href":"https:\/\/arnhold.eu\/index.php?rest_route=%2Fwp%2Fv2%2Fmedia&parent=1405"}],"wp:term":[{"taxonomy":"category","embeddable":true,"href":"https:\/\/arnhold.eu\/index.php?rest_route=%2Fwp%2Fv2%2Fcategories&post=1405"},{"taxonomy":"post_tag","embeddable":true,"href":"https:\/\/arnhold.eu\/index.php?rest_route=%2Fwp%2Fv2%2Ftags&post=1405"}],"curies":[{"name":"wp","href":"https:\/\/api.w.org\/{rel}","templated":true}]}}