{"id":1288,"date":"2020-05-18T17:14:50","date_gmt":"2020-05-18T17:14:50","guid":{"rendered":"http:\/\/hermann.arnhold.eu\/?p=1288"},"modified":"2020-05-18T17:14:50","modified_gmt":"2020-05-18T17:14:50","slug":"spaetherbst-der-erle","status":"publish","type":"post","link":"https:\/\/arnhold.eu\/?p=1288","title":{"rendered":"Sp\u00e4therbst der Erle"},"content":{"rendered":"\n<p>Steht eine Erle<br>gedankenversunken<br>im herbstlichen Wetter<br>und schaut in die Ferne&#8230;<br>Und vor dem inneren Auge<br>der ehrw\u00fcrdigen Greisin<br>ziehen die Jahre vor\u00fcber &#8211;<br>all jene Fr\u00fchlinge,<br>all jene Sommer<br>mit all ihrem Zauber:<br>mit innigen Liedern,<br>mit flimmernden Sternen<br>am n\u00e4chtlichen Himmel,<br>mit sonnenbeschienenen<br>G\u00e4rten und Wiesen,<br>mit Regen und Wind&#8230;<\/p>\n\n\n\n<p>Warum ist die Erle<br>so nachdenklich heute gestimmt?<br>Sind es die Sorgen des Alters?<br>Sind es die eisigen St\u00fcrme<br>der Sp\u00e4therbsterg\u00fcsse,<br>die sich gewi\u00df vergewissern<br>wollen (das sind sie gewohnt!),<br>ob alle Bl\u00e4tter verweht,<br>ob alle Zapfen gez\u00e4hlt?..<br>Beklommenes Schweigen.<br>Z\u00e4h ist ihr Wille!<br>Kahl sind die Zweige.<br>Und l\u00e4hmende Stille<br>bis tief in die Wurzeln&#8230;<br>Ob sie der Winter verschont,<br>damit sie den Fr\u00fchling erlebt?<\/p>\n\n\n\n<p>&nbsp;&nbsp;&nbsp;&nbsp;&nbsp;&nbsp;&nbsp;&nbsp;&nbsp;&nbsp;&nbsp;&nbsp;&nbsp;&nbsp;&nbsp;&nbsp;&nbsp;&nbsp;&nbsp;&nbsp;&nbsp;&nbsp;&nbsp;&nbsp;&nbsp;&nbsp;&nbsp;&nbsp;&nbsp;&nbsp;&nbsp;&nbsp; <em>&nbsp;1987<\/em><\/p>\n","protected":false},"excerpt":{"rendered":"<p>Steht eine Erlegedankenversunkenim herbstlichen Wetterund schaut in die Ferne&#8230;Und vor dem inneren Augeder ehrw\u00fcrdigen Greisinziehen die Jahre vor\u00fcber &#8211;all jene Fr\u00fchlinge,all jene Sommermit all ihrem Zauber:mit innigen Liedern,mit flimmernden Sternenam n\u00e4chtlichen Himmel,mit sonnenbeschienenenG\u00e4rten und Wiesen,mit Regen und Wind&#8230; Warum ist die Erleso nachdenklich heute gestimmt?Sind es die Sorgen des Alters?Sind es die eisigen St\u00fcrmeder Sp\u00e4therbsterg\u00fcsse,die &hellip; <\/p>\n<p class=\"link-more\"><a href=\"https:\/\/arnhold.eu\/?p=1288\" class=\"more-link\"><span class=\"screen-reader-text\">\u201eSp\u00e4therbst der Erle\u201c <\/span>weiterlesen<\/a><\/p>\n","protected":false},"author":2,"featured_media":0,"comment_status":"closed","ping_status":"closed","sticky":false,"template":"","format":"standard","meta":{"footnotes":""},"categories":[1],"tags":[],"class_list":["post-1288","post","type-post","status-publish","format-standard","hentry","category-uncategorized"],"_links":{"self":[{"href":"https:\/\/arnhold.eu\/index.php?rest_route=\/wp\/v2\/posts\/1288","targetHints":{"allow":["GET"]}}],"collection":[{"href":"https:\/\/arnhold.eu\/index.php?rest_route=\/wp\/v2\/posts"}],"about":[{"href":"https:\/\/arnhold.eu\/index.php?rest_route=\/wp\/v2\/types\/post"}],"author":[{"embeddable":true,"href":"https:\/\/arnhold.eu\/index.php?rest_route=\/wp\/v2\/users\/2"}],"replies":[{"embeddable":true,"href":"https:\/\/arnhold.eu\/index.php?rest_route=%2Fwp%2Fv2%2Fcomments&post=1288"}],"version-history":[{"count":1,"href":"https:\/\/arnhold.eu\/index.php?rest_route=\/wp\/v2\/posts\/1288\/revisions"}],"predecessor-version":[{"id":1289,"href":"https:\/\/arnhold.eu\/index.php?rest_route=\/wp\/v2\/posts\/1288\/revisions\/1289"}],"wp:attachment":[{"href":"https:\/\/arnhold.eu\/index.php?rest_route=%2Fwp%2Fv2%2Fmedia&parent=1288"}],"wp:term":[{"taxonomy":"category","embeddable":true,"href":"https:\/\/arnhold.eu\/index.php?rest_route=%2Fwp%2Fv2%2Fcategories&post=1288"},{"taxonomy":"post_tag","embeddable":true,"href":"https:\/\/arnhold.eu\/index.php?rest_route=%2Fwp%2Fv2%2Ftags&post=1288"}],"curies":[{"name":"wp","href":"https:\/\/api.w.org\/{rel}","templated":true}]}}