{"id":1253,"date":"2020-05-18T14:15:44","date_gmt":"2020-05-18T14:15:44","guid":{"rendered":"http:\/\/hermann.arnhold.eu\/?p=1253"},"modified":"2020-05-18T14:15:44","modified_gmt":"2020-05-18T14:15:44","slug":"verdammung","status":"publish","type":"post","link":"https:\/\/arnhold.eu\/?p=1253","title":{"rendered":"Verdammung"},"content":{"rendered":"\n<p>Zu Geiseln verdammt<br>&nbsp;&nbsp;&nbsp;&nbsp;&nbsp;&nbsp; sind wir Deutschen.<br>Wem sollen die Schuld<br>&nbsp;&nbsp;&nbsp;&nbsp;&nbsp;&nbsp;&nbsp;&nbsp;&nbsp;&nbsp;&nbsp; wir nun geben?<br>Uns selbst,<br>&nbsp;&nbsp;&nbsp;&nbsp; liebe Schwestern<br>&nbsp;&nbsp;&nbsp;&nbsp;&nbsp;&nbsp;&nbsp;&nbsp;&nbsp;&nbsp;&nbsp;&nbsp; und Br\u00fcder?..<br>Ein Grund,<br>&nbsp;&nbsp;&nbsp; uns zu assimilieren?..<br>Vielleicht Katharina<br>&nbsp;&nbsp;&nbsp;&nbsp;&nbsp;&nbsp;&nbsp;&nbsp;&nbsp;&nbsp;&nbsp;&nbsp;&nbsp; der Zweiten,<br>die unsere Ahnen<br>&nbsp;&nbsp;&nbsp;&nbsp;&nbsp;&nbsp;&nbsp;&nbsp;&nbsp;&nbsp;&nbsp;&nbsp;&nbsp; nach Ru\u00dfland<br>verlockt,<br>&nbsp; wo so s\u00fc\u00df sei das Leben?<\/p>\n\n\n\n<p>Vielleicht den dann<br>&nbsp;&nbsp;&nbsp;&nbsp;&nbsp;&nbsp;&nbsp;&nbsp;&nbsp; folgenden Zaren,<br>die alle verschw\u00e4gert<br>&nbsp;&nbsp;&nbsp;&nbsp;&nbsp;&nbsp;&nbsp;&nbsp;&nbsp;&nbsp;&nbsp;&nbsp;&nbsp;&nbsp;&nbsp;&nbsp;&nbsp; da waren<br>mit Schweden und Preu\u00dfen<br>&nbsp;&nbsp;&nbsp;&nbsp;&nbsp;&nbsp;&nbsp;&nbsp;&nbsp;&nbsp;&nbsp; und Deutschen,<br>die gern<br>nach franz\u00f6sischen Sitten<br>sich stritten<br>&nbsp;&nbsp;&nbsp;&nbsp;&nbsp;&nbsp; und k\u00fc\u00dften<br>&nbsp;&nbsp;&nbsp;&nbsp;&nbsp;&nbsp;&nbsp;&nbsp; und schneuzten?..<br><br><\/p>\n\n\n\n<p>Vor allem<br>\u00a0\u00a0 dem blutgierigen Stalin<br>und seinen Satrapen<br>\u00a0\u00a0\u00a0\u00a0\u00a0\u00a0\u00a0\u00a0\u00a0\u00a0\u00a0\u00a0\u00a0 und Henkern,<br>die Tausende Opfer<br>\u00a0\u00a0\u00a0\u00a0\u00a0\u00a0\u00a0\u00a0\u00a0\u00a0\u00a0\u00a0\u00a0\u00a0\u00a0 zermahlten<br>in h\u00f6llischen<br>\u00a0\u00a0\u00a0\u00a0\u00a0\u00a0\u00a0\u00a0 Massenmordm\u00fchlen!<br>Den Lenkern!<br>\u00a0\u00a0\u00a0\u00a0\u00a0\u00a0\u00a0 Des Staates!<br>\u00a0\u00a0\u00a0\u00a0\u00a0\u00a0\u00a0\u00a0\u00a0\u00a0\u00a0 Den F\u00fchrern!..<\/p>\n\n\n\n<p>Chrustschow,<br>&nbsp;&nbsp;&nbsp;&nbsp;&nbsp; der manch&#8216; M\u00e4rchen<br>&nbsp;&nbsp;&nbsp;&nbsp;&nbsp;&nbsp;&nbsp;&nbsp;&nbsp;&nbsp;&nbsp;&nbsp;&nbsp;&nbsp;&nbsp;&nbsp;&nbsp; ersonnen<br>und wenig erzielt<br>&nbsp;&nbsp;&nbsp;&nbsp;&nbsp;&nbsp;&nbsp;&nbsp;&nbsp;&nbsp;&nbsp;&nbsp; und gewonnen?<br>Er h\u00e4tte uns Deutschen<br>&nbsp;&nbsp;&nbsp;&nbsp;&nbsp;&nbsp;&nbsp;&nbsp;&nbsp;&nbsp;&nbsp;&nbsp;&nbsp;&nbsp; noch retten<br>gekonnt wohl<br>&nbsp;&nbsp;&nbsp; im taufeuchten Wetter.<br>Doch wurde er selber<br>&nbsp;&nbsp;&nbsp;&nbsp;&nbsp;&nbsp;&nbsp;&nbsp;&nbsp;&nbsp;&nbsp;&nbsp;&nbsp;&nbsp; verdroschen<br>von seinen<br>&nbsp;&nbsp;&nbsp;&nbsp; Parteimacht-Genossen.<\/p>\n\n\n\n<p>Wohl Breshnew,<br>&nbsp;&nbsp;&nbsp; dem Helden der Helden?<br>Da gab&#8217;s keinen Grund,<br>&nbsp;&nbsp;&nbsp;&nbsp;&nbsp;&nbsp;&nbsp;&nbsp;&nbsp;&nbsp; noch zu hoffen.<br>Er liebte vor allem<br>&nbsp;&nbsp;&nbsp;&nbsp;&nbsp;&nbsp;&nbsp;&nbsp;&nbsp;&nbsp;&nbsp;&nbsp;&nbsp; sich selber.<br>Drum hat er<br>&nbsp; mit Schurken und Gaunern<br>den Sozialismus &#8211;<br>&nbsp;&nbsp;&nbsp;&nbsp;&nbsp;&nbsp;&nbsp;&nbsp;&nbsp;&nbsp;&nbsp;&nbsp;&nbsp; versoffen&#8230;<\/p>\n\n\n\n<p>Was bringt nun das Heute<br>&nbsp;&nbsp;&nbsp;&nbsp;&nbsp;&nbsp;&nbsp;&nbsp;&nbsp;&nbsp;&nbsp; uns Deutschen?<br>Wir hoffen. Und schweigen.<br>&nbsp;&nbsp;&nbsp;&nbsp;&nbsp;&nbsp;&nbsp;&nbsp;&nbsp;&nbsp;&nbsp;&nbsp;&nbsp;&nbsp;&nbsp; Vergebens?<br>Vergessen<br>&nbsp;&nbsp;&nbsp;&nbsp;&nbsp; von der Perestroika,<br>erblassen<br>&nbsp;&nbsp;&nbsp;&nbsp; die sehnlichen Tr\u00e4ume<br>im Dunst<br>&nbsp;&nbsp; und im frostigen Nebel:<br>Ein Volk<br>&nbsp; ohne Zukunft und Heimat?<\/p>\n\n\n\n<p><em>16. November 1990<\/em><\/p>\n","protected":false},"excerpt":{"rendered":"<p>Zu Geiseln verdammt&nbsp;&nbsp;&nbsp;&nbsp;&nbsp;&nbsp; sind wir Deutschen.Wem sollen die Schuld&nbsp;&nbsp;&nbsp;&nbsp;&nbsp;&nbsp;&nbsp;&nbsp;&nbsp;&nbsp;&nbsp; wir nun geben?Uns selbst,&nbsp;&nbsp;&nbsp;&nbsp; liebe Schwestern&nbsp;&nbsp;&nbsp;&nbsp;&nbsp;&nbsp;&nbsp;&nbsp;&nbsp;&nbsp;&nbsp;&nbsp; und Br\u00fcder?..Ein Grund,&nbsp;&nbsp;&nbsp; uns zu assimilieren?..Vielleicht Katharina&nbsp;&nbsp;&nbsp;&nbsp;&nbsp;&nbsp;&nbsp;&nbsp;&nbsp;&nbsp;&nbsp;&nbsp;&nbsp; der Zweiten,die unsere Ahnen&nbsp;&nbsp;&nbsp;&nbsp;&nbsp;&nbsp;&nbsp;&nbsp;&nbsp;&nbsp;&nbsp;&nbsp;&nbsp; nach Ru\u00dflandverlockt,&nbsp; wo so s\u00fc\u00df sei das Leben? Vielleicht den dann&nbsp;&nbsp;&nbsp;&nbsp;&nbsp;&nbsp;&nbsp;&nbsp;&nbsp; folgenden Zaren,die alle verschw\u00e4gert&nbsp;&nbsp;&nbsp;&nbsp;&nbsp;&nbsp;&nbsp;&nbsp;&nbsp;&nbsp;&nbsp;&nbsp;&nbsp;&nbsp;&nbsp;&nbsp;&nbsp; da warenmit Schweden und Preu\u00dfen&nbsp;&nbsp;&nbsp;&nbsp;&nbsp;&nbsp;&nbsp;&nbsp;&nbsp;&nbsp;&nbsp; und Deutschen,die gernnach franz\u00f6sischen Sittensich stritten&nbsp;&nbsp;&nbsp;&nbsp;&nbsp;&nbsp; und k\u00fc\u00dften&nbsp;&nbsp;&nbsp;&nbsp;&nbsp;&nbsp;&nbsp;&nbsp; und &hellip; <\/p>\n<p class=\"link-more\"><a href=\"https:\/\/arnhold.eu\/?p=1253\" class=\"more-link\"><span class=\"screen-reader-text\">\u201eVerdammung\u201c <\/span>weiterlesen<\/a><\/p>\n","protected":false},"author":2,"featured_media":0,"comment_status":"closed","ping_status":"closed","sticky":false,"template":"","format":"standard","meta":{"footnotes":""},"categories":[1],"tags":[],"class_list":["post-1253","post","type-post","status-publish","format-standard","hentry","category-uncategorized"],"_links":{"self":[{"href":"https:\/\/arnhold.eu\/index.php?rest_route=\/wp\/v2\/posts\/1253","targetHints":{"allow":["GET"]}}],"collection":[{"href":"https:\/\/arnhold.eu\/index.php?rest_route=\/wp\/v2\/posts"}],"about":[{"href":"https:\/\/arnhold.eu\/index.php?rest_route=\/wp\/v2\/types\/post"}],"author":[{"embeddable":true,"href":"https:\/\/arnhold.eu\/index.php?rest_route=\/wp\/v2\/users\/2"}],"replies":[{"embeddable":true,"href":"https:\/\/arnhold.eu\/index.php?rest_route=%2Fwp%2Fv2%2Fcomments&post=1253"}],"version-history":[{"count":1,"href":"https:\/\/arnhold.eu\/index.php?rest_route=\/wp\/v2\/posts\/1253\/revisions"}],"predecessor-version":[{"id":1254,"href":"https:\/\/arnhold.eu\/index.php?rest_route=\/wp\/v2\/posts\/1253\/revisions\/1254"}],"wp:attachment":[{"href":"https:\/\/arnhold.eu\/index.php?rest_route=%2Fwp%2Fv2%2Fmedia&parent=1253"}],"wp:term":[{"taxonomy":"category","embeddable":true,"href":"https:\/\/arnhold.eu\/index.php?rest_route=%2Fwp%2Fv2%2Fcategories&post=1253"},{"taxonomy":"post_tag","embeddable":true,"href":"https:\/\/arnhold.eu\/index.php?rest_route=%2Fwp%2Fv2%2Ftags&post=1253"}],"curies":[{"name":"wp","href":"https:\/\/api.w.org\/{rel}","templated":true}]}}