{"id":1249,"date":"2020-05-18T14:02:37","date_gmt":"2020-05-18T14:02:37","guid":{"rendered":"http:\/\/hermann.arnhold.eu\/?p=1249"},"modified":"2020-05-18T14:02:37","modified_gmt":"2020-05-18T14:02:37","slug":"schnee-im-dezember","status":"publish","type":"post","link":"https:\/\/arnhold.eu\/?p=1249","title":{"rendered":"Schnee im Dezember"},"content":{"rendered":"\n<p>&nbsp;&nbsp;&nbsp;&nbsp;&nbsp;&nbsp;&nbsp;&nbsp;&nbsp;&nbsp;&nbsp;&nbsp; <em>Katharina Berger gewidmet<\/em><\/p>\n\n\n\n<p>Ach, diese schneewei\u00dfen Farben<br>&nbsp;&nbsp;&nbsp;&nbsp;&nbsp;&nbsp;&nbsp;&nbsp; dort auf der Wiese, im Walde<br>und in den T\u00e4lern der Seele<br>&nbsp;&nbsp;&nbsp;&nbsp;&nbsp;&nbsp;&nbsp;&nbsp; k\u00f6nnten so manches erz\u00e4hlen,<br>wenn wir den m\u00fcden Dezember<br>&nbsp;&nbsp;&nbsp;&nbsp;&nbsp;&nbsp;&nbsp;&nbsp; und seine Sorgen verst\u00e4nden.<\/p>\n\n\n\n<p>Aber wir m\u00fc\u00dften uns selber<br>&nbsp;&nbsp;&nbsp;&nbsp;&nbsp;&nbsp; heimlich verwandeln in Felder,<br>die ihre Farben verschenken,<br>&nbsp;&nbsp;&nbsp;&nbsp;&nbsp;&nbsp;&nbsp;&nbsp;&nbsp;&nbsp;&nbsp;&nbsp;&nbsp; ohne dar\u00fcber zu denken,<br>was sie erw\u00e4rmt dann im Winter,<br>&nbsp;&nbsp;&nbsp;&nbsp; wenn sie in Schweigen versinken.<\/p>\n\n\n\n<p>Oder in bl\u00fchenden Wiesen,<br>&nbsp;&nbsp;&nbsp;&nbsp;&nbsp;&nbsp;&nbsp; die, voller Lust, jubilieren,<br>gr\u00fc\u00dfend mit sinnlichen Dolden<br>&nbsp;&nbsp;&nbsp;&nbsp;&nbsp; perlblau und glutrot und golden,<br>ohne sich Sorgen zu machen,<br>&nbsp;&nbsp;&nbsp;&nbsp;&nbsp; was sie im Sp\u00e4therbst erwartet.<\/p>\n\n\n\n<p>Oder in Erlen und Espen,<br>&nbsp;&nbsp;&nbsp; die aus dem vollen gern sch\u00f6pfen,<br>gr\u00fcnen im Sommer und singen<br>&nbsp;&nbsp;&nbsp;&nbsp;&nbsp;&nbsp;&nbsp; unter dem lichtblauen Himmel,<br>aber den Mut oft verlieren<br>&nbsp;&nbsp; wenn sie im Winter dann frieren&#8230;<\/p>\n\n\n\n<p>Sagt mir, ihr frostwei\u00dfen Farben:<br>\u00a0\u00a0\u00a0\u00a0\u00a0\u00a0\u00a0\u00a0 Findet die Seele Erbarmen?..<br>Oh, diese eisigen St\u00fcrme!..<br>\u00a0\u00a0\u00a0\u00a0\u00a0 Wer soll die Tr\u00e4ume beschirmen,<br>Da\u00df sie den Fr\u00fchling erreichen<br>trotz ihrer Angst und Entt\u00e4uschung?..<\/p>\n\n\n\n<p>\u00a0\u00a0\u00a0\u00a0\u00a0\u00a0\u00a0\u00a0\u00a0\u00a0\u00a0 * * *<br>Schnee im Dezember&#8230; Ein Zeichen,<br>\u00a0\u00a0\u00a0\u00a0\u00a0\u00a0\u00a0 da\u00df die Beklemmungen weichen?<\/p>\n\n\n\n<p><em>20. November 1990<\/em><\/p>\n","protected":false},"excerpt":{"rendered":"<p>&nbsp;&nbsp;&nbsp;&nbsp;&nbsp;&nbsp;&nbsp;&nbsp;&nbsp;&nbsp;&nbsp;&nbsp; Katharina Berger gewidmet Ach, diese schneewei\u00dfen Farben&nbsp;&nbsp;&nbsp;&nbsp;&nbsp;&nbsp;&nbsp;&nbsp; dort auf der Wiese, im Waldeund in den T\u00e4lern der Seele&nbsp;&nbsp;&nbsp;&nbsp;&nbsp;&nbsp;&nbsp;&nbsp; k\u00f6nnten so manches erz\u00e4hlen,wenn wir den m\u00fcden Dezember&nbsp;&nbsp;&nbsp;&nbsp;&nbsp;&nbsp;&nbsp;&nbsp; und seine Sorgen verst\u00e4nden. Aber wir m\u00fc\u00dften uns selber&nbsp;&nbsp;&nbsp;&nbsp;&nbsp;&nbsp; heimlich verwandeln in Felder,die ihre Farben verschenken,&nbsp;&nbsp;&nbsp;&nbsp;&nbsp;&nbsp;&nbsp;&nbsp;&nbsp;&nbsp;&nbsp;&nbsp;&nbsp; ohne dar\u00fcber zu denken,was sie erw\u00e4rmt dann im Winter,&nbsp;&nbsp;&nbsp;&nbsp; wenn sie in &hellip; <\/p>\n<p class=\"link-more\"><a href=\"https:\/\/arnhold.eu\/?p=1249\" class=\"more-link\"><span class=\"screen-reader-text\">\u201eSchnee im Dezember\u201c <\/span>weiterlesen<\/a><\/p>\n","protected":false},"author":2,"featured_media":0,"comment_status":"closed","ping_status":"closed","sticky":false,"template":"","format":"standard","meta":{"footnotes":""},"categories":[1],"tags":[],"class_list":["post-1249","post","type-post","status-publish","format-standard","hentry","category-uncategorized"],"_links":{"self":[{"href":"https:\/\/arnhold.eu\/index.php?rest_route=\/wp\/v2\/posts\/1249","targetHints":{"allow":["GET"]}}],"collection":[{"href":"https:\/\/arnhold.eu\/index.php?rest_route=\/wp\/v2\/posts"}],"about":[{"href":"https:\/\/arnhold.eu\/index.php?rest_route=\/wp\/v2\/types\/post"}],"author":[{"embeddable":true,"href":"https:\/\/arnhold.eu\/index.php?rest_route=\/wp\/v2\/users\/2"}],"replies":[{"embeddable":true,"href":"https:\/\/arnhold.eu\/index.php?rest_route=%2Fwp%2Fv2%2Fcomments&post=1249"}],"version-history":[{"count":1,"href":"https:\/\/arnhold.eu\/index.php?rest_route=\/wp\/v2\/posts\/1249\/revisions"}],"predecessor-version":[{"id":1250,"href":"https:\/\/arnhold.eu\/index.php?rest_route=\/wp\/v2\/posts\/1249\/revisions\/1250"}],"wp:attachment":[{"href":"https:\/\/arnhold.eu\/index.php?rest_route=%2Fwp%2Fv2%2Fmedia&parent=1249"}],"wp:term":[{"taxonomy":"category","embeddable":true,"href":"https:\/\/arnhold.eu\/index.php?rest_route=%2Fwp%2Fv2%2Fcategories&post=1249"},{"taxonomy":"post_tag","embeddable":true,"href":"https:\/\/arnhold.eu\/index.php?rest_route=%2Fwp%2Fv2%2Ftags&post=1249"}],"curies":[{"name":"wp","href":"https:\/\/api.w.org\/{rel}","templated":true}]}}