{"id":1171,"date":"2020-05-16T16:47:57","date_gmt":"2020-05-16T16:47:57","guid":{"rendered":"http:\/\/hermann.arnhold.eu\/?p=1171"},"modified":"2020-05-16T16:47:57","modified_gmt":"2020-05-16T16:47:57","slug":"ein-buendel-warmer-morgenstrahlen-2","status":"publish","type":"post","link":"https:\/\/arnhold.eu\/?p=1171","title":{"rendered":"Ein B\u00fcndel warmer Morgenstrahlen"},"content":{"rendered":"\n<p>\u00a0\u00a0\u00a0\u00a0\u00a0\u00a0\u00a0\u00a0\u00a0\u00a0 <em>F\u00fcr meinen Vater (1885-1985)<\/em><br><em>\u00a0\u00a0\u00a0\u00a0\u00a0\u00a0\u00a0\u00a0\u00a0\u00a0\u00a0\u00a0\u00a0\u00a0\u00a0\u00a0\u00a0\u00a0\u00a0\u00a0\u00a0\u00a0 in memoriam<\/em><\/p>\n\n\n\n<p>Du klingst als Widerstreit der Winde,<br>als Widerhall der Ewigkeit,<br>geboren einst, um zu ergr\u00fcnden,<br>was Bl\u00fchen-und-Vergl\u00fchen hei\u00dft.<\/p>\n\n\n\n<p>Du blinkst als Tr\u00f6pfchen klares Wasser.<br>Verdunstet von der Sonnenglut,<br>willst du als W\u00f6lkchen gl\u00fccklich machen<br>der Wanderer, der Schatten sucht.<\/p>\n\n\n\n<p>Du gehst als Sonnenregen nieder &#8211;<br>ein Schl\u00fcckchen f\u00fcr ein H\u00e4lmchen nur:<br>Das Gr\u00e4schen badet in der K\u00fchle<br>und dankt der g\u00fctigen Natur.<\/p>\n\n\n\n<p>Du hoffst als Kl\u00fcmpchen Humuserde,<br>vom Lauf der Zeit sacht angeh\u00e4uft,<br>da\u00df hier dereinst ergr\u00fcnen werde<br>die Saat des Glaubens gnadenreich.<\/p>\n\n\n\n<p>Du gl\u00e4nzt als Sandkorn dort am Strande,<br>vom Strom des Lebens angeschwemmt.<br>Die Zeit hat dich in Sand verwandelt,<br>damit der Tod dich nie erkennt&#8230;<\/p>\n\n\n\n<p>Als B\u00fcndel warmer Morgenstrahlen,<br>als Hoffnungskorn dort auf dem Feld<br>wird dich der Lebensdrang bewahren<br>im Zeitenwandel dieser Welt.<\/p>\n\n\n\n<p><em>1986<\/em><\/p>\n","protected":false},"excerpt":{"rendered":"<p>\u00a0\u00a0\u00a0\u00a0\u00a0\u00a0\u00a0\u00a0\u00a0\u00a0 F\u00fcr meinen Vater (1885-1985)\u00a0\u00a0\u00a0\u00a0\u00a0\u00a0\u00a0\u00a0\u00a0\u00a0\u00a0\u00a0\u00a0\u00a0\u00a0\u00a0\u00a0\u00a0\u00a0\u00a0\u00a0\u00a0 in memoriam Du klingst als Widerstreit der Winde,als Widerhall der Ewigkeit,geboren einst, um zu ergr\u00fcnden,was Bl\u00fchen-und-Vergl\u00fchen hei\u00dft. Du blinkst als Tr\u00f6pfchen klares Wasser.Verdunstet von der Sonnenglut,willst du als W\u00f6lkchen gl\u00fccklich machender Wanderer, der Schatten sucht. Du gehst als Sonnenregen nieder &#8211;ein Schl\u00fcckchen f\u00fcr ein H\u00e4lmchen nur:Das Gr\u00e4schen badet in der &hellip; <\/p>\n<p class=\"link-more\"><a href=\"https:\/\/arnhold.eu\/?p=1171\" class=\"more-link\"><span class=\"screen-reader-text\">\u201eEin B\u00fcndel warmer Morgenstrahlen\u201c <\/span>weiterlesen<\/a><\/p>\n","protected":false},"author":2,"featured_media":0,"comment_status":"closed","ping_status":"closed","sticky":false,"template":"","format":"standard","meta":{"footnotes":""},"categories":[1],"tags":[],"class_list":["post-1171","post","type-post","status-publish","format-standard","hentry","category-uncategorized"],"_links":{"self":[{"href":"https:\/\/arnhold.eu\/index.php?rest_route=\/wp\/v2\/posts\/1171","targetHints":{"allow":["GET"]}}],"collection":[{"href":"https:\/\/arnhold.eu\/index.php?rest_route=\/wp\/v2\/posts"}],"about":[{"href":"https:\/\/arnhold.eu\/index.php?rest_route=\/wp\/v2\/types\/post"}],"author":[{"embeddable":true,"href":"https:\/\/arnhold.eu\/index.php?rest_route=\/wp\/v2\/users\/2"}],"replies":[{"embeddable":true,"href":"https:\/\/arnhold.eu\/index.php?rest_route=%2Fwp%2Fv2%2Fcomments&post=1171"}],"version-history":[{"count":1,"href":"https:\/\/arnhold.eu\/index.php?rest_route=\/wp\/v2\/posts\/1171\/revisions"}],"predecessor-version":[{"id":1172,"href":"https:\/\/arnhold.eu\/index.php?rest_route=\/wp\/v2\/posts\/1171\/revisions\/1172"}],"wp:attachment":[{"href":"https:\/\/arnhold.eu\/index.php?rest_route=%2Fwp%2Fv2%2Fmedia&parent=1171"}],"wp:term":[{"taxonomy":"category","embeddable":true,"href":"https:\/\/arnhold.eu\/index.php?rest_route=%2Fwp%2Fv2%2Fcategories&post=1171"},{"taxonomy":"post_tag","embeddable":true,"href":"https:\/\/arnhold.eu\/index.php?rest_route=%2Fwp%2Fv2%2Ftags&post=1171"}],"curies":[{"name":"wp","href":"https:\/\/api.w.org\/{rel}","templated":true}]}}