{"id":1165,"date":"2020-05-16T15:52:38","date_gmt":"2020-05-16T15:52:38","guid":{"rendered":"http:\/\/hermann.arnhold.eu\/?p=1165"},"modified":"2020-05-16T15:52:38","modified_gmt":"2020-05-16T15:52:38","slug":"opfer-der-willkuer","status":"publish","type":"post","link":"https:\/\/arnhold.eu\/?p=1165","title":{"rendered":"Opfer der Willk\u00fcr"},"content":{"rendered":"\n<p>Es gr\u00fcnten die Wiesen<br>&nbsp;&nbsp;&nbsp;&nbsp; der Hoffnung und Freude.<br>Sebastian&#8230;<br>&nbsp;&nbsp;&nbsp;&nbsp;&nbsp;&nbsp;&nbsp;&nbsp;&nbsp; war jung und verliebt.<br>Erst achtzehn.<br>Sie \u2013 siebzehn<br>&nbsp;&nbsp;&nbsp;&nbsp;&nbsp;&nbsp;&nbsp;&nbsp;&nbsp;&nbsp;&nbsp;&nbsp; und v\u00f6llig erbl\u00fcht.<br>Er baute im stillen<br>&nbsp;&nbsp;&nbsp;&nbsp;&nbsp;&nbsp;&nbsp;&nbsp;&nbsp;&nbsp;&nbsp;&nbsp;&nbsp;&nbsp; f\u00fcr sie einen Dom<br>der ewigen Liebe.<br>Amalia hie\u00df sie, die Sch\u00f6ne.<br>Doch war es nicht jene<br>&nbsp;&nbsp;&nbsp;&nbsp; Gestalt aus den \u201eR\u00e4ubern\u201c &#8211;<br>&nbsp;&nbsp;&nbsp;&nbsp;&nbsp;&nbsp;&nbsp;&nbsp;&nbsp;&nbsp;&nbsp; Amalia von Edelreich.<br>Andere Zeiten &#8211;<br>&nbsp;&nbsp;&nbsp;&nbsp;&nbsp;&nbsp;&nbsp;&nbsp;&nbsp;&nbsp;&nbsp;&nbsp;&nbsp;&nbsp;&nbsp; andere Br\u00e4uche.<br>Doch edelm\u00fctig war auch sie:<br>&nbsp;&nbsp;&nbsp;&nbsp;&nbsp;&nbsp;&nbsp;&nbsp;&nbsp;&nbsp;&nbsp;&nbsp; flei\u00dfig, bescheiden<br>und klug und gewandt<br>&nbsp;&nbsp;&nbsp;&nbsp;&nbsp;&nbsp;&nbsp; und der Heimat ergeben &#8211;<br>war ein deutsches M\u00e4dchen<br>aus einem deutschen St\u00e4dtchen<br>&nbsp;&nbsp;&nbsp;&nbsp;&nbsp;&nbsp;&nbsp;&nbsp;&nbsp;&nbsp; am gro\u00dfen Wolgastrom.<br>Und vielleicht, ja, vielleicht<br>&nbsp;&nbsp;&nbsp;&nbsp;&nbsp;&nbsp;&nbsp;&nbsp;&nbsp;&nbsp;&nbsp;&nbsp;&nbsp;&nbsp;&nbsp; w\u00e4ren die beiden<br>auch gl\u00fccklich geworden.<br>Doch das Land, ach, das Land<br>&nbsp;&nbsp;&nbsp;&nbsp;&nbsp;&nbsp;&nbsp;&nbsp;&nbsp;&nbsp;&nbsp;&nbsp;&nbsp;&nbsp;&nbsp;&nbsp;&nbsp;&nbsp;&nbsp;&nbsp;&nbsp; \u00fcberfielen<br>&nbsp;&nbsp;&nbsp;&nbsp;&nbsp;&nbsp; die Hitlerschen Horden&#8230;<br>Und es str\u00f6mte das Blut<br>&nbsp;&nbsp;&nbsp;&nbsp;&nbsp;&nbsp;&nbsp;&nbsp;&nbsp;&nbsp;&nbsp;&nbsp;&nbsp;&nbsp;&nbsp;&nbsp; der Soldaten&#8230;<br>Aber die schmutzigen Wellen<br>der nackten Gewalt<br>&nbsp;&nbsp;&nbsp;&nbsp;&nbsp;&nbsp; und des grausamen Zwangs,<br>die schon fr\u00fcher den Damm<br>der Menschlichkeit<br>&nbsp;&nbsp;&nbsp;&nbsp;&nbsp;&nbsp;&nbsp;&nbsp;&nbsp;&nbsp;&nbsp;&nbsp;&nbsp;&nbsp;&nbsp;&nbsp; niedergerissen,<br>\u00fcberfluteten haltlos<br>&nbsp;&nbsp;&nbsp;&nbsp;&nbsp;&nbsp; auch jetzt noch das Land.<br>Und der \u201eF\u00fchrer\u201c verlor<br>da das letzte F\u00fcnkchen Gewissen.<br>Und in Zorn und in Wut<br>&nbsp;&nbsp;&nbsp;&nbsp;&nbsp;&nbsp;&nbsp;&nbsp;&nbsp;&nbsp;&nbsp;&nbsp;&nbsp;&nbsp;&nbsp;&nbsp;&nbsp;&nbsp;&nbsp; nun geraten,<br>&nbsp;&nbsp;&nbsp; knallte der \u201eVater<br>&nbsp;&nbsp;&nbsp;&nbsp;&nbsp;&nbsp;&nbsp;&nbsp;&nbsp;&nbsp;&nbsp;&nbsp;&nbsp;&nbsp;&nbsp;&nbsp;&nbsp;&nbsp;&nbsp;&nbsp; der V\u00f6lker\u201c<br>gekonnt und wie wild<br>&nbsp;&nbsp;&nbsp;&nbsp;&nbsp; mit der blutigen Peitsche.<br>Und es schlich sich die Angst<br>nun all\u00fcberall<br>&nbsp;&nbsp;&nbsp;&nbsp; in die menschlichen K\u00f6rper,<br>und niemand vermochte zu helfen.<br>Und zwangsweise ausgesiedelt<br>&nbsp;&nbsp;&nbsp; wurden vor allem<br>&nbsp;&nbsp;&nbsp;&nbsp;&nbsp;&nbsp;&nbsp;&nbsp;&nbsp;&nbsp;&nbsp;&nbsp; die Wolgadeutschen:<br>Fort, fort! Nach Sibirien<br>&nbsp;&nbsp;&nbsp;&nbsp;&nbsp;&nbsp;&nbsp;&nbsp;&nbsp;&nbsp; mit diesen Verr\u00e4tern!<br>Und ohne Krawall und Gezeter!..<br>Doch das war erst der Anfang.<br>Und das dicke Ende &#8211;<br>wir ringen, ach ringen<br>&nbsp;&nbsp;&nbsp;&nbsp;&nbsp;&nbsp;&nbsp;&nbsp; noch heute die H\u00e4nde! &#8211;<br>es kam erst danach,<br>&nbsp; &nbsp;&nbsp;&nbsp;&nbsp;&nbsp;&nbsp;&nbsp;&nbsp;&nbsp;&nbsp;&nbsp;&nbsp;&nbsp;&nbsp;&nbsp;etwas sp\u00e4ter&#8230;<br>Und dann drangsalierten<br>&nbsp;&nbsp;&nbsp;&nbsp;&nbsp;&nbsp;&nbsp;&nbsp;&nbsp;&nbsp;&nbsp; uns noch viele Jahre<br>die ber\u00fcchtigten<br>&nbsp;&nbsp;&nbsp;&nbsp;&nbsp;&nbsp;&nbsp;&nbsp;&nbsp;&nbsp;&nbsp;&nbsp;&nbsp; Stalinschen Lager.<br>Im Ural und bei Kotlas&#8230;<br>In Iwdel, Norilsk, Magadan&#8230;<br>im Norden und S\u00fcden und Osten&#8230;<br>Und vieltausende Opfer<br>&nbsp;&nbsp; hat es die Heimat gekostet&#8230;<br>Auch Sebastian erlag<br>&nbsp;&nbsp;&nbsp;&nbsp;&nbsp;&nbsp;&nbsp;&nbsp; dem barbarischen Zwang.<br>Er schl\u00e4ft an den Ufern der Kama<br>&nbsp;&nbsp;&nbsp;&nbsp;&nbsp;&nbsp;&nbsp;&nbsp; seinen ewigen Schlaf&#8230;<br>Und Amalia hatte vier Jahre<br>&nbsp;&nbsp;&nbsp;&nbsp;&nbsp;&nbsp;&nbsp;&nbsp; in entsetzlichen Lagern<br>geschuftet, gehungert, gefroren,<br>den Mut oft verloren<br>&nbsp;&nbsp; und bittere Tr\u00e4nen vergossen;<br>und trotz aller Schikanen<br>&nbsp;&nbsp;&nbsp;&nbsp; ist sie am Leben geblieben.<br>Und sie hat seinen Namen<br>&nbsp;&nbsp;&nbsp;&nbsp;&nbsp;&nbsp;&nbsp;&nbsp; und den Dom ihrer Liebe<br>ins Herz tief geschlossen<br>und trauert Sebastian<br>&nbsp;&nbsp;&nbsp;&nbsp;&nbsp;&nbsp;&nbsp;&nbsp;&nbsp;&nbsp;&nbsp; auch heute noch nach.<\/p>\n\n\n\n<p>&nbsp;<em>1989<\/em><\/p>\n","protected":false},"excerpt":{"rendered":"<p>Es gr\u00fcnten die Wiesen&nbsp;&nbsp;&nbsp;&nbsp; der Hoffnung und Freude.Sebastian&#8230;&nbsp;&nbsp;&nbsp;&nbsp;&nbsp;&nbsp;&nbsp;&nbsp;&nbsp; war jung und verliebt.Erst achtzehn.Sie \u2013 siebzehn&nbsp;&nbsp;&nbsp;&nbsp;&nbsp;&nbsp;&nbsp;&nbsp;&nbsp;&nbsp;&nbsp;&nbsp; und v\u00f6llig erbl\u00fcht.Er baute im stillen&nbsp;&nbsp;&nbsp;&nbsp;&nbsp;&nbsp;&nbsp;&nbsp;&nbsp;&nbsp;&nbsp;&nbsp;&nbsp;&nbsp; f\u00fcr sie einen Domder ewigen Liebe.Amalia hie\u00df sie, die Sch\u00f6ne.Doch war es nicht jene&nbsp;&nbsp;&nbsp;&nbsp; Gestalt aus den \u201eR\u00e4ubern\u201c &#8211;&nbsp;&nbsp;&nbsp;&nbsp;&nbsp;&nbsp;&nbsp;&nbsp;&nbsp;&nbsp;&nbsp; Amalia von Edelreich.Andere Zeiten &#8211;&nbsp;&nbsp;&nbsp;&nbsp;&nbsp;&nbsp;&nbsp;&nbsp;&nbsp;&nbsp;&nbsp;&nbsp;&nbsp;&nbsp;&nbsp; andere Br\u00e4uche.Doch edelm\u00fctig war auch sie:&nbsp;&nbsp;&nbsp;&nbsp;&nbsp;&nbsp;&nbsp;&nbsp;&nbsp;&nbsp;&nbsp;&nbsp; flei\u00dfig, bescheidenund klug und &hellip; <\/p>\n<p class=\"link-more\"><a href=\"https:\/\/arnhold.eu\/?p=1165\" class=\"more-link\"><span class=\"screen-reader-text\">\u201eOpfer der Willk\u00fcr\u201c <\/span>weiterlesen<\/a><\/p>\n","protected":false},"author":2,"featured_media":0,"comment_status":"closed","ping_status":"closed","sticky":false,"template":"","format":"standard","meta":{"footnotes":""},"categories":[1],"tags":[],"class_list":["post-1165","post","type-post","status-publish","format-standard","hentry","category-uncategorized"],"_links":{"self":[{"href":"https:\/\/arnhold.eu\/index.php?rest_route=\/wp\/v2\/posts\/1165","targetHints":{"allow":["GET"]}}],"collection":[{"href":"https:\/\/arnhold.eu\/index.php?rest_route=\/wp\/v2\/posts"}],"about":[{"href":"https:\/\/arnhold.eu\/index.php?rest_route=\/wp\/v2\/types\/post"}],"author":[{"embeddable":true,"href":"https:\/\/arnhold.eu\/index.php?rest_route=\/wp\/v2\/users\/2"}],"replies":[{"embeddable":true,"href":"https:\/\/arnhold.eu\/index.php?rest_route=%2Fwp%2Fv2%2Fcomments&post=1165"}],"version-history":[{"count":1,"href":"https:\/\/arnhold.eu\/index.php?rest_route=\/wp\/v2\/posts\/1165\/revisions"}],"predecessor-version":[{"id":1166,"href":"https:\/\/arnhold.eu\/index.php?rest_route=\/wp\/v2\/posts\/1165\/revisions\/1166"}],"wp:attachment":[{"href":"https:\/\/arnhold.eu\/index.php?rest_route=%2Fwp%2Fv2%2Fmedia&parent=1165"}],"wp:term":[{"taxonomy":"category","embeddable":true,"href":"https:\/\/arnhold.eu\/index.php?rest_route=%2Fwp%2Fv2%2Fcategories&post=1165"},{"taxonomy":"post_tag","embeddable":true,"href":"https:\/\/arnhold.eu\/index.php?rest_route=%2Fwp%2Fv2%2Ftags&post=1165"}],"curies":[{"name":"wp","href":"https:\/\/api.w.org\/{rel}","templated":true}]}}