{"id":1115,"date":"2020-05-16T09:16:48","date_gmt":"2020-05-16T09:16:48","guid":{"rendered":"http:\/\/hermann.arnhold.eu\/?p=1115"},"modified":"2020-05-16T09:16:48","modified_gmt":"2020-05-16T09:16:48","slug":"farben-der-kindheit","status":"publish","type":"post","link":"https:\/\/arnhold.eu\/?p=1115","title":{"rendered":"Farben der Kindheit"},"content":{"rendered":"\n<p>Die lebhaften, leuchtenden Farben<br>der Kindheit verlassen uns nie.<br>Wie oft sie im Traum uns umarmen,<br>von kindlicher Freude durchgl\u00fcht!..<\/p>\n\n\n\n<p>Die Kindheit ist heut mir erschienen!<br>Im l\u00f6wenzahngelben Gewand.<br>Mit kornblumenfarbenen Liedern.<br>Und barfu\u00df. Und sonnenverbrannt.<\/p>\n\n\n\n<p>Pastellblaue Wolken am Himmel.<br>Und Weiten vergi\u00dfmeinnichtblau.<br>Wir reiten auf Steckenpferdschimmeln<br>ins M\u00e4rchenland fr\u00f6hlich hinaus.<\/p>\n\n\n\n<p>Die Kindheit ist wild wie der Fr\u00fchling.<br>Sie rankt, und sie prangt, und sie lacht.<br>Wie farbenfroh sind die Gef\u00fchle,<br>die heute sie wieder entfacht!<\/p>\n\n\n\n<p>Aus Tr\u00e4umen geflochtene Kr\u00e4nze &#8211;<br>violblau, karminrot und wei\u00df.<br>Wir h\u00fcten wie damals die G\u00e4nse<br>am binsengr\u00fcn glitzernden Teich.<\/p>\n\n\n\n<p>Wir streifen durch sattgr\u00fcne T\u00e4ler.<br>Der Mittag gl\u00fcht teerosengelb.<br>Mit wogenden goldenen \u00c4hren<br>empf\u00e4ngt uns das reifende Feld&#8230;<\/p>\n\n\n\n<p>Die Farben der Kindheit bezwingen<br>im Alter das d\u00fcstere Grau.<br>Sie leuchten und strahlen und klingen<br>so hell wie das himmlische Blau.<\/p>\n\n\n\n<p>&nbsp;&nbsp;&nbsp;&nbsp;&nbsp;&nbsp;&nbsp;&nbsp;&nbsp;&nbsp;&nbsp;&nbsp;&nbsp;&nbsp;&nbsp;&nbsp;&nbsp;&nbsp;&nbsp;&nbsp;&nbsp;&nbsp;&nbsp;&nbsp;&nbsp;&nbsp;&nbsp;&nbsp;&nbsp;&nbsp;&nbsp;&nbsp;&nbsp;&nbsp; <em>1985<\/em><\/p>\n","protected":false},"excerpt":{"rendered":"<p>Die lebhaften, leuchtenden Farbender Kindheit verlassen uns nie.Wie oft sie im Traum uns umarmen,von kindlicher Freude durchgl\u00fcht!.. Die Kindheit ist heut mir erschienen!Im l\u00f6wenzahngelben Gewand.Mit kornblumenfarbenen Liedern.Und barfu\u00df. Und sonnenverbrannt. Pastellblaue Wolken am Himmel.Und Weiten vergi\u00dfmeinnichtblau.Wir reiten auf Steckenpferdschimmelnins M\u00e4rchenland fr\u00f6hlich hinaus. Die Kindheit ist wild wie der Fr\u00fchling.Sie rankt, und sie prangt, und sie &hellip; <\/p>\n<p class=\"link-more\"><a href=\"https:\/\/arnhold.eu\/?p=1115\" class=\"more-link\"><span class=\"screen-reader-text\">\u201eFarben der Kindheit\u201c <\/span>weiterlesen<\/a><\/p>\n","protected":false},"author":2,"featured_media":0,"comment_status":"closed","ping_status":"closed","sticky":false,"template":"","format":"standard","meta":{"footnotes":""},"categories":[1],"tags":[],"class_list":["post-1115","post","type-post","status-publish","format-standard","hentry","category-uncategorized"],"_links":{"self":[{"href":"https:\/\/arnhold.eu\/index.php?rest_route=\/wp\/v2\/posts\/1115","targetHints":{"allow":["GET"]}}],"collection":[{"href":"https:\/\/arnhold.eu\/index.php?rest_route=\/wp\/v2\/posts"}],"about":[{"href":"https:\/\/arnhold.eu\/index.php?rest_route=\/wp\/v2\/types\/post"}],"author":[{"embeddable":true,"href":"https:\/\/arnhold.eu\/index.php?rest_route=\/wp\/v2\/users\/2"}],"replies":[{"embeddable":true,"href":"https:\/\/arnhold.eu\/index.php?rest_route=%2Fwp%2Fv2%2Fcomments&post=1115"}],"version-history":[{"count":1,"href":"https:\/\/arnhold.eu\/index.php?rest_route=\/wp\/v2\/posts\/1115\/revisions"}],"predecessor-version":[{"id":1116,"href":"https:\/\/arnhold.eu\/index.php?rest_route=\/wp\/v2\/posts\/1115\/revisions\/1116"}],"wp:attachment":[{"href":"https:\/\/arnhold.eu\/index.php?rest_route=%2Fwp%2Fv2%2Fmedia&parent=1115"}],"wp:term":[{"taxonomy":"category","embeddable":true,"href":"https:\/\/arnhold.eu\/index.php?rest_route=%2Fwp%2Fv2%2Fcategories&post=1115"},{"taxonomy":"post_tag","embeddable":true,"href":"https:\/\/arnhold.eu\/index.php?rest_route=%2Fwp%2Fv2%2Ftags&post=1115"}],"curies":[{"name":"wp","href":"https:\/\/api.w.org\/{rel}","templated":true}]}}