{"id":1101,"date":"2020-05-16T08:21:24","date_gmt":"2020-05-16T08:21:24","guid":{"rendered":"http:\/\/hermann.arnhold.eu\/?p=1101"},"modified":"2020-05-16T08:21:24","modified_gmt":"2020-05-16T08:21:24","slug":"aennchen-und-wennchen","status":"publish","type":"post","link":"https:\/\/arnhold.eu\/?p=1101","title":{"rendered":"\u00c4nnchen und Wennchen"},"content":{"rendered":"\n<p>Es renomiert der Winter.<br>Mit Schnee und Eis und Frost.<br>Die Silberflocken blinken.<br>Es weht ein Ostnordost&#8230;<\/p>\n\n\n\n<p>Der Schnee ist wei\u00df und locker.<br>Es schneit und schneit und schneit.<br>Der Winter webt aus Flocken<br>ein weiches, warmes Kleid.<\/p>\n\n\n\n<p>Das Kleid umh\u00fcllt mein \u00c4nnchen,<br>das auf die Stra\u00dfe eilt.<br>Dort wartet schon das Wennchen,<br>das gern die Freude teilt.<\/p>\n\n\n\n<p>Umschlungen, gleiten beide<br>dort \u00fcbers glatte Eis.<br>Und auch die helle Freude<br>ist mit in ihrem Kreis.<\/p>\n\n\n\n<p>Es gl\u00fchen ihre Wangen.<br>Die Lippen lachen breit.<br>Die blauen Augen flammen:<br>O sch\u00f6ne Winterzeit!..<\/p>\n\n\n\n<p>Auf einmal wird es k\u00e4lter.<br>Das Wennchen sch\u00fcttelt sich:<br>\u201eDer Frost beginnt zu schelten!<br>H\u00f6rst, \u00c4nnchen, du es nicht?\u201c<\/p>\n\n\n\n<p>Dann r\u00e4uspert sich das Wennchen.<br>Mit finsterem Gesicht:<br>\u201eIch friere an den H\u00e4nden.<br>F\u00fchlst, \u00c4nnchen, du es nicht?\u201c<\/p>\n\n\n\n<p>Und \u00c4nnchen h\u00fcllt das Wennchen<br>in sein Gewandt aus Schnee,<br>um W\u00e4rme ihm zu spenden &#8211;<br>wie eine g\u00fctige Fee.<\/p>\n\n\n\n<p>Es w\u00e4rmt sich an der G\u00fcte<br>das Wennchen wonniglich&#8230;<br>Wie sch\u00f6n, wenn wir beh\u00fcten<br>vor Frost die Dankespflicht&#8230;<\/p>\n\n\n\n<p>Wenn \u00c4nnchen dann als Anna<br>das Wennchen nicht vergi\u00dft,<br>so zieht der Frost von dannen,<br>auch wenn es Winter ist.<\/p>\n\n\n\n<p>&nbsp;&nbsp;&nbsp;&nbsp;&nbsp;&nbsp;&nbsp;&nbsp;&nbsp;&nbsp;&nbsp;&nbsp;&nbsp;&nbsp;&nbsp;&nbsp;&nbsp;&nbsp;&nbsp;&nbsp;&nbsp;&nbsp;&nbsp; <em>05.01.1991<\/em><\/p>\n","protected":false},"excerpt":{"rendered":"<p>Es renomiert der Winter.Mit Schnee und Eis und Frost.Die Silberflocken blinken.Es weht ein Ostnordost&#8230; Der Schnee ist wei\u00df und locker.Es schneit und schneit und schneit.Der Winter webt aus Flockenein weiches, warmes Kleid. Das Kleid umh\u00fcllt mein \u00c4nnchen,das auf die Stra\u00dfe eilt.Dort wartet schon das Wennchen,das gern die Freude teilt. Umschlungen, gleiten beidedort \u00fcbers glatte Eis.Und &hellip; <\/p>\n<p class=\"link-more\"><a href=\"https:\/\/arnhold.eu\/?p=1101\" class=\"more-link\"><span class=\"screen-reader-text\">\u201e\u00c4nnchen und Wennchen\u201c <\/span>weiterlesen<\/a><\/p>\n","protected":false},"author":2,"featured_media":0,"comment_status":"closed","ping_status":"closed","sticky":false,"template":"","format":"standard","meta":{"footnotes":""},"categories":[1],"tags":[],"class_list":["post-1101","post","type-post","status-publish","format-standard","hentry","category-uncategorized"],"_links":{"self":[{"href":"https:\/\/arnhold.eu\/index.php?rest_route=\/wp\/v2\/posts\/1101","targetHints":{"allow":["GET"]}}],"collection":[{"href":"https:\/\/arnhold.eu\/index.php?rest_route=\/wp\/v2\/posts"}],"about":[{"href":"https:\/\/arnhold.eu\/index.php?rest_route=\/wp\/v2\/types\/post"}],"author":[{"embeddable":true,"href":"https:\/\/arnhold.eu\/index.php?rest_route=\/wp\/v2\/users\/2"}],"replies":[{"embeddable":true,"href":"https:\/\/arnhold.eu\/index.php?rest_route=%2Fwp%2Fv2%2Fcomments&post=1101"}],"version-history":[{"count":1,"href":"https:\/\/arnhold.eu\/index.php?rest_route=\/wp\/v2\/posts\/1101\/revisions"}],"predecessor-version":[{"id":1102,"href":"https:\/\/arnhold.eu\/index.php?rest_route=\/wp\/v2\/posts\/1101\/revisions\/1102"}],"wp:attachment":[{"href":"https:\/\/arnhold.eu\/index.php?rest_route=%2Fwp%2Fv2%2Fmedia&parent=1101"}],"wp:term":[{"taxonomy":"category","embeddable":true,"href":"https:\/\/arnhold.eu\/index.php?rest_route=%2Fwp%2Fv2%2Fcategories&post=1101"},{"taxonomy":"post_tag","embeddable":true,"href":"https:\/\/arnhold.eu\/index.php?rest_route=%2Fwp%2Fv2%2Ftags&post=1101"}],"curies":[{"name":"wp","href":"https:\/\/api.w.org\/{rel}","templated":true}]}}