{"id":1056,"date":"2020-05-15T15:03:21","date_gmt":"2020-05-15T15:03:21","guid":{"rendered":"http:\/\/hermann.arnhold.eu\/?p=1056"},"modified":"2020-05-15T15:03:21","modified_gmt":"2020-05-15T15:03:21","slug":"gruenende-hoffnung","status":"publish","type":"post","link":"https:\/\/arnhold.eu\/?p=1056","title":{"rendered":"Gr\u00fcnende Hoffnung"},"content":{"rendered":"\n<p>Wieder und wieder vertiefe<br>ich mich ind die Sph\u00e4ren<br>&nbsp;&nbsp;&nbsp;&nbsp;&nbsp;&nbsp;&nbsp;&nbsp;&nbsp;&nbsp;&nbsp; der qu\u00e4lenden Zweifel,<br>die oft mich umgeben<br>wie warnende Wolkengebilde,<br>&nbsp;&nbsp;&nbsp;&nbsp;&nbsp;&nbsp;&nbsp;&nbsp;&nbsp;&nbsp;&nbsp; wie feuchtkalte Nebel,<br>und schleppe und schleppe<br>&nbsp;&nbsp;&nbsp;&nbsp;&nbsp;&nbsp;&nbsp;&nbsp;&nbsp;&nbsp;&nbsp; mich langsam dahin<br>auf dem steinigen Wege<br>der Ungewi\u00dfheit<br>&nbsp;&nbsp;&nbsp;&nbsp;&nbsp;&nbsp;&nbsp;&nbsp;&nbsp;&nbsp;&nbsp; und der Fragw\u00fcrdigleit,<br>worin, ach, worin<br>&nbsp;&nbsp;&nbsp;&nbsp;&nbsp;&nbsp;&nbsp;&nbsp;&nbsp;&nbsp;&nbsp; denn der alles umfassende Sinn<br>der Erwartugn best\u00fcnde,<br>und kann es,<br>&nbsp;&nbsp;&nbsp;&nbsp;&nbsp;&nbsp;&nbsp;&nbsp;&nbsp;&nbsp;&nbsp; und kann\u00b4s nicht begreifen:<br>Bin ich verwelkendes Gras?<br>&nbsp;&nbsp;&nbsp;&nbsp;&nbsp;&nbsp;&nbsp;&nbsp;&nbsp;&nbsp;&nbsp; Bin ich ein knorriger Baum?<\/p>\n\n\n\n<p>***<br>Ist es ein Zustand<br>&nbsp;&nbsp;&nbsp;&nbsp;&nbsp;&nbsp;&nbsp;&nbsp;&nbsp;&nbsp;&nbsp; des Harrens und Hoffens,<br>in dem sich die B\u00e4ume<br>&nbsp;&nbsp;&nbsp;&nbsp;&nbsp;&nbsp;&nbsp;&nbsp;&nbsp;&nbsp;&nbsp; und Str\u00e4ucher und Gr\u00e4ser befinden?<br>Streben sie denn nur danach,<br>&nbsp;&nbsp;&nbsp;&nbsp;&nbsp;&nbsp;&nbsp;&nbsp;&nbsp;&nbsp;&nbsp; um zu gr\u00fcnen und bl\u00fcen<br>und Fr\u00fcchte zu tragen?<br>Sind sie bet\u00f6rt und bestrickt<br>&nbsp;&nbsp;&nbsp;&nbsp;&nbsp;&nbsp;&nbsp;&nbsp;&nbsp;&nbsp;&nbsp; von den M\u00e4rchen und Sagen,<br>die ihnen die lustige Winde<br>zur Fr\u00fchlings- und Sommerszeit<br>lebens- und farbenfroh dichten?<br>Ist es ihr einziger Traum,<br>&nbsp;&nbsp;&nbsp;&nbsp;&nbsp;&nbsp;&nbsp;&nbsp;&nbsp;&nbsp;&nbsp; sich am strahlenden Licht<br>der Wiedergeburt zu erquicken?<br>Ob sie vor Frohsinn und Freude<br>&nbsp;&nbsp;&nbsp;&nbsp;&nbsp;&nbsp;&nbsp;&nbsp;&nbsp;&nbsp;&nbsp; erprie\u00dfen und zweigen?<br>Ob sie vor Wehmut und Leid<br>&nbsp;&nbsp;&nbsp;&nbsp;&nbsp;&nbsp;&nbsp;&nbsp;&nbsp;&nbsp;&nbsp; sich im frostigen Herbst<br>bis zum Erdboden neigen?<\/p>\n\n\n\n<p>***<br>Preisen die zirpenden Halme<br>&nbsp;&nbsp;&nbsp;&nbsp;&nbsp;&nbsp;&nbsp;&nbsp;&nbsp;&nbsp;&nbsp; der gr\u00fcbelnden Gr\u00e4ser<br>&nbsp;&nbsp;&nbsp;&nbsp;&nbsp;&nbsp;&nbsp;&nbsp;&nbsp;&nbsp;&nbsp;&nbsp;&nbsp;&nbsp;&nbsp;&nbsp;&nbsp;&nbsp;&nbsp;&nbsp;&nbsp;&nbsp;&nbsp; den scheidenden Sommer<br>mit all seinen singenden Farben,<br>da froh sie gegr\u00fcnt und gebl\u00fcht,<br>und die tr\u00f6stende Stimme<br>&nbsp;&nbsp;&nbsp;&nbsp;&nbsp;&nbsp;&nbsp;&nbsp;&nbsp;&nbsp;&nbsp; des Glaubens vernommen,<br>alles sei licht<br>&nbsp;&nbsp;&nbsp;&nbsp;&nbsp;&nbsp;&nbsp;&nbsp;&nbsp;&nbsp;&nbsp; wie die lachende Sonne<br>&nbsp;&nbsp;&nbsp;&nbsp;&nbsp;&nbsp;&nbsp;&nbsp;&nbsp;&nbsp;&nbsp;&nbsp;&nbsp;&nbsp;&nbsp;&nbsp;&nbsp;&nbsp;&nbsp;&nbsp;&nbsp;&nbsp;&nbsp; am heiteren Morgen,<br>alles sei hehr und erhaben,<br>alles sei sch\u00f6n auf der Welt,<br>wenn man dem Himmel,<br>&nbsp;&nbsp;&nbsp;&nbsp;&nbsp;&nbsp;&nbsp;&nbsp;&nbsp;&nbsp;&nbsp; dem blauen, vertraut,<br>wenn man auf Hoffnung<br>&nbsp;&nbsp;&nbsp;&nbsp;&nbsp;&nbsp;&nbsp;&nbsp;&nbsp;&nbsp;&nbsp; und Zuversicht baut?<\/p>\n\n\n\n<p>***<\/p>\n\n\n\n<p>Komme der Herbst<br>&nbsp;&nbsp;&nbsp;&nbsp;&nbsp;&nbsp;&nbsp;&nbsp;&nbsp;&nbsp;&nbsp; dann mit rei\u00dfenden St\u00fcrmen,<br>mit Regen und Nebel und K\u00e4lte,<br>mit salzigen, bitteren Tr\u00e4nen,<br>m\u00fcsse, ach, m\u00fcsse man Abschied<br>&nbsp;&nbsp;&nbsp;&nbsp;&nbsp;&nbsp;&nbsp;&nbsp;&nbsp;&nbsp;&nbsp; vom Sp\u00e4tsommer nehmen,<br>m\u00fcsse man langsam verwelken,<br>damit das Vertrauen<br>&nbsp;&nbsp;&nbsp;&nbsp;&nbsp;&nbsp;&nbsp;&nbsp;&nbsp;&nbsp;&nbsp; im kommenden Fr\u00fchling<br>der hohen Gef\u00fchle<br>aufs neue am Himmelszelt blaut.<\/p>\n\n\n\n<p>***<br>La\u00dft mir die nagenden Zweifel,<br>la\u00dft mir die dr\u00fcckenden Sorgen,<br>lasst mir die sanftblauen Tr\u00e4ume,<br>&nbsp;&nbsp;&nbsp;&nbsp;&nbsp;&nbsp;&nbsp;&nbsp;&nbsp;&nbsp;&nbsp; und wenn ich auch l\u00e4ngst<br>&nbsp;&nbsp;&nbsp;&nbsp;&nbsp;&nbsp;&nbsp;&nbsp;&nbsp;&nbsp;&nbsp;&nbsp;&nbsp;&nbsp;&nbsp;&nbsp;&nbsp;&nbsp;&nbsp;&nbsp;&nbsp;&nbsp;&nbsp; wie das trockene Gras<br>und die knorrigen Wurzeln,<br>&nbsp;&nbsp;&nbsp;&nbsp;&nbsp;&nbsp;&nbsp;&nbsp;&nbsp;&nbsp;&nbsp;&nbsp;&nbsp;&nbsp;&nbsp;&nbsp;&nbsp;&nbsp;&nbsp;&nbsp;&nbsp;&nbsp;&nbsp; die \u00c4ste und Zweige<br>und rostige Bl\u00e4tter<br>&nbsp;&nbsp;&nbsp;&nbsp;&nbsp;&nbsp;&nbsp;&nbsp;&nbsp;&nbsp;&nbsp;&nbsp;&nbsp;&nbsp;&nbsp;&nbsp;&nbsp;&nbsp;&nbsp;&nbsp;&nbsp;&nbsp;&nbsp; zusammengepresst<br>und zum Teil schon versteinert!<br>All ihre Freude und Wonne<br>und all ihre Sehns\u00fcchte<br>&nbsp;&nbsp;&nbsp;&nbsp;&nbsp;&nbsp;&nbsp;&nbsp;&nbsp;&nbsp;&nbsp;&nbsp;&nbsp;&nbsp;&nbsp;&nbsp;&nbsp;&nbsp;&nbsp;&nbsp;&nbsp;&nbsp;&nbsp; lasset mich teilen<br>mit ihnen, die einsmals<br>&nbsp;&nbsp;&nbsp;&nbsp;&nbsp;&nbsp;&nbsp;&nbsp;&nbsp;&nbsp;&nbsp;&nbsp;&nbsp;&nbsp;&nbsp;&nbsp;&nbsp;&nbsp;&nbsp;&nbsp;&nbsp;&nbsp;&nbsp; gestillt meine Leiden<br>mit ihrem erquickenden Gr\u00fcn!<br>Sind wir doch Kinder<br>&nbsp;&nbsp;&nbsp;&nbsp;&nbsp;&nbsp;&nbsp;&nbsp;&nbsp;&nbsp;&nbsp;&nbsp;&nbsp;&nbsp;&nbsp;&nbsp;&nbsp;&nbsp;&nbsp;&nbsp;&nbsp;&nbsp;&nbsp; der Erde und Sonne<br>und eilenden Zeit<br>&nbsp;&nbsp;&nbsp;&nbsp;&nbsp;&nbsp;&nbsp;&nbsp;&nbsp;&nbsp;&nbsp;&nbsp;&nbsp;&nbsp;&nbsp;&nbsp;&nbsp;&nbsp;&nbsp;&nbsp;&nbsp;&nbsp;&nbsp; und zu allem bereit.<\/p>\n\n\n\n<p>***<br>Doch la\u00dft mich zusammen<br>&nbsp;&nbsp;&nbsp;&nbsp;&nbsp;&nbsp;&nbsp;&nbsp;&nbsp;&nbsp;&nbsp; mit ihnen ein St\u00fcndchen,<br>ein kurzes, noch weilen<br>und beten und bitten und leiden<br>f\u00fcr all meine S\u00fcnden,<br>&nbsp;&nbsp;&nbsp;&nbsp;&nbsp;&nbsp;&nbsp;&nbsp;&nbsp;&nbsp;&nbsp; die blind ich vor Angst<br>oder \u00dcbermut manchmal begangen,<br>um hier einen Augenblick<br>&nbsp;&nbsp;&nbsp;&nbsp;&nbsp;&nbsp;&nbsp;&nbsp;&nbsp;&nbsp;&nbsp; noch zu genie\u00dfen \u2013<br>das Gr\u00fcnen und Sprie\u00dfen,<br>&nbsp;&nbsp;&nbsp;&nbsp;&nbsp;&nbsp;&nbsp;&nbsp;&nbsp;&nbsp;&nbsp; das Wirken und Weben<br>und ewige z\u00fcgige Streben,<br>das Kommen und Gehen,<br>&nbsp;&nbsp;&nbsp;&nbsp;&nbsp;&nbsp;&nbsp;&nbsp;&nbsp;&nbsp;&nbsp; das Bl\u00fchn und Verwehen<br>allhier auf dem irdischen Rund \u2013<br>als Reminiszenz, die auf immer<br>zusammen mit uns dann verstummt.<\/p>\n\n\n\n<p>***<br>La\u00dft uns dann scheiden<br>&nbsp;&nbsp;&nbsp;&nbsp;&nbsp;&nbsp;&nbsp;&nbsp;&nbsp;&nbsp;&nbsp; in Ruhe und Frieden<br>und schlafen den ewigen Schlaf \u2013<br>ob Sonne am Himmel,<br>&nbsp;&nbsp;&nbsp;&nbsp;&nbsp;&nbsp;&nbsp;&nbsp;&nbsp;&nbsp;&nbsp; ob Sturm oder Regen\u2026<br>Wenn nur, o wenn nur die herrliche Welt,<br>wo einst wir gegr\u00fcnt und gebl\u00fcht,<br>wo einst wir gehofft und geliebt,<br>wo Kummer und Leid<br>&nbsp;&nbsp;&nbsp;&nbsp;&nbsp;&nbsp;&nbsp;&nbsp;&nbsp;&nbsp;&nbsp; und so manchmal ereilt,<br>erhalten stets bleibt<br>&nbsp;&nbsp;&nbsp;&nbsp;&nbsp;&nbsp;&nbsp;&nbsp;&nbsp;&nbsp;&nbsp; und floriert und gedeiht.<\/p>\n\n\n\n<p>***<br>Und uns, die wir Asche<br>&nbsp;&nbsp;&nbsp;&nbsp;&nbsp;&nbsp;&nbsp;&nbsp;&nbsp;&nbsp;&nbsp; oder k\u00fchlende Schatten<br>der wanderneden Wolken<br>&nbsp;&nbsp;&nbsp;&nbsp;&nbsp;&nbsp;&nbsp;&nbsp;&nbsp;&nbsp;&nbsp; am Himmelsdom sind &#8211;<br>in der Unendlichkeit,<br>&nbsp;&nbsp;&nbsp;&nbsp;&nbsp;&nbsp;&nbsp;&nbsp;&nbsp;&nbsp;&nbsp; die die Ewigkeit hei\u00dft<br>und nimmer verrint,<br>so la\u00dft und die Fluren<br>&nbsp;&nbsp;&nbsp;&nbsp;&nbsp;&nbsp;&nbsp;&nbsp;&nbsp;&nbsp;&nbsp; des Mitleids und Mitgef\u00fchls<br>reichlich besprengen<br>&nbsp;&nbsp;&nbsp;&nbsp;&nbsp;&nbsp;&nbsp;&nbsp;&nbsp;&nbsp;&nbsp; und freigebig d\u00fcngen.<br>Und m\u00f6gen dann wieder und wieder<br>die innigen Lieder<br>&nbsp;&nbsp;&nbsp;&nbsp;&nbsp;&nbsp;&nbsp;&nbsp;&nbsp;&nbsp;&nbsp; der gr\u00fcnenden Hoffnung<br>f\u00fcr alle und alles erklingen!<\/p>\n\n\n\n<p>&nbsp;&nbsp;&nbsp;&nbsp;&nbsp;&nbsp;&nbsp;&nbsp;&nbsp;&nbsp;&nbsp;&nbsp;&nbsp;&nbsp;&nbsp;&nbsp;&nbsp;&nbsp;&nbsp;&nbsp;&nbsp;&nbsp;&nbsp;&nbsp;&nbsp;&nbsp;&nbsp;&nbsp;&nbsp;&nbsp;&nbsp;&nbsp;&nbsp;&nbsp; 1<em>988<\/em><\/p>\n","protected":false},"excerpt":{"rendered":"<p>Wieder und wieder vertiefeich mich ind die Sph\u00e4ren&nbsp;&nbsp;&nbsp;&nbsp;&nbsp;&nbsp;&nbsp;&nbsp;&nbsp;&nbsp;&nbsp; der qu\u00e4lenden Zweifel,die oft mich umgebenwie warnende Wolkengebilde,&nbsp;&nbsp;&nbsp;&nbsp;&nbsp;&nbsp;&nbsp;&nbsp;&nbsp;&nbsp;&nbsp; wie feuchtkalte Nebel,und schleppe und schleppe&nbsp;&nbsp;&nbsp;&nbsp;&nbsp;&nbsp;&nbsp;&nbsp;&nbsp;&nbsp;&nbsp; mich langsam dahinauf dem steinigen Wegeder Ungewi\u00dfheit&nbsp;&nbsp;&nbsp;&nbsp;&nbsp;&nbsp;&nbsp;&nbsp;&nbsp;&nbsp;&nbsp; und der Fragw\u00fcrdigleit,worin, ach, worin&nbsp;&nbsp;&nbsp;&nbsp;&nbsp;&nbsp;&nbsp;&nbsp;&nbsp;&nbsp;&nbsp; denn der alles umfassende Sinnder Erwartugn best\u00fcnde,und kann es,&nbsp;&nbsp;&nbsp;&nbsp;&nbsp;&nbsp;&nbsp;&nbsp;&nbsp;&nbsp;&nbsp; und kann\u00b4s nicht begreifen:Bin ich verwelkendes Gras?&nbsp;&nbsp;&nbsp;&nbsp;&nbsp;&nbsp;&nbsp;&nbsp;&nbsp;&nbsp;&nbsp; Bin ich ein knorriger Baum? &hellip; <\/p>\n<p class=\"link-more\"><a href=\"https:\/\/arnhold.eu\/?p=1056\" class=\"more-link\"><span class=\"screen-reader-text\">\u201eGr\u00fcnende Hoffnung\u201c <\/span>weiterlesen<\/a><\/p>\n","protected":false},"author":2,"featured_media":0,"comment_status":"closed","ping_status":"closed","sticky":false,"template":"","format":"standard","meta":{"footnotes":""},"categories":[1],"tags":[],"class_list":["post-1056","post","type-post","status-publish","format-standard","hentry","category-uncategorized"],"_links":{"self":[{"href":"https:\/\/arnhold.eu\/index.php?rest_route=\/wp\/v2\/posts\/1056","targetHints":{"allow":["GET"]}}],"collection":[{"href":"https:\/\/arnhold.eu\/index.php?rest_route=\/wp\/v2\/posts"}],"about":[{"href":"https:\/\/arnhold.eu\/index.php?rest_route=\/wp\/v2\/types\/post"}],"author":[{"embeddable":true,"href":"https:\/\/arnhold.eu\/index.php?rest_route=\/wp\/v2\/users\/2"}],"replies":[{"embeddable":true,"href":"https:\/\/arnhold.eu\/index.php?rest_route=%2Fwp%2Fv2%2Fcomments&post=1056"}],"version-history":[{"count":1,"href":"https:\/\/arnhold.eu\/index.php?rest_route=\/wp\/v2\/posts\/1056\/revisions"}],"predecessor-version":[{"id":1057,"href":"https:\/\/arnhold.eu\/index.php?rest_route=\/wp\/v2\/posts\/1056\/revisions\/1057"}],"wp:attachment":[{"href":"https:\/\/arnhold.eu\/index.php?rest_route=%2Fwp%2Fv2%2Fmedia&parent=1056"}],"wp:term":[{"taxonomy":"category","embeddable":true,"href":"https:\/\/arnhold.eu\/index.php?rest_route=%2Fwp%2Fv2%2Fcategories&post=1056"},{"taxonomy":"post_tag","embeddable":true,"href":"https:\/\/arnhold.eu\/index.php?rest_route=%2Fwp%2Fv2%2Ftags&post=1056"}],"curies":[{"name":"wp","href":"https:\/\/api.w.org\/{rel}","templated":true}]}}